{"id":21398,"date":"2020-02-02T18:15:35","date_gmt":"2020-02-02T18:15:35","guid":{"rendered":"http:\/\/www.agriatv.hu\/?p=21398"},"modified":"2020-02-02T18:15:36","modified_gmt":"2020-02-02T18:15:36","slug":"agyonverte-majd-letepte-a-gyuruit","status":"publish","type":"post","link":"https:\/\/www.agriatv.hu\/?p=21398","title":{"rendered":"Agyonverte, majd let\u00e9pte a gy\u0171r\u0171it"},"content":{"rendered":"\n<div class=\"wp-block-image\"><figure class=\"alignleft size-large is-resized\"><img loading=\"lazy\" decoding=\"async\" src=\"https:\/\/www.agriatv.hu\/wp-content\/uploads\/2020\/02\/702423.325x183.jpg\" alt=\"\" class=\"wp-image-21399\" width=\"204\" height=\"115\" srcset=\"https:\/\/www.agriatv.hu\/wp-content\/uploads\/2020\/02\/702423.325x183.jpg 325w, https:\/\/www.agriatv.hu\/wp-content\/uploads\/2020\/02\/702423.325x183-300x169.jpg 300w\" sizes=\"auto, (max-width: 204px) 100vw, 204px\" \/><\/figure><\/div>\n\n\n\n<p> Letart\u00f3ztatta a b\u00edr\u00f3s\u00e1g azt a f\u00e9rfit, aki cs\u00fct\u00f6rt\u00f6k\u00f6n egy kar\u00f3val agyonvert egy id\u0151s n\u0151t S\u00e1lyon. A 21 \u00e9ves elk\u00f6vet\u0151 hajnalban t\u00f6rhette r\u00e1 az ajt\u00f3t a neves n\u00e9prajzkutat\u00f3ra \u00e9s mivel p\u00e9nzt nem kapott, \u00edgy kifosztotta a halott n\u0151t. Inform\u00e1ci\u00f3ink szerint m\u00e9g az ujjair\u00f3l is leh\u00fazta a gy\u0171r\u0171ket. A f\u00e9rfi mindent beismert. Azzal v\u00e9dekezett, hogy r\u00e9szeg volt \u00e9s nyugtat\u00f3kat szedett, \u00edgy a gyilkoss\u00e1gra is alig eml\u00e9kszik. <\/p>\n\n\n\n<iframe loading=\"lazy\" allowfullscreen=\"yes\" width=\"640\" height=\"360\" src=\"\/\/tenyek.hu\/neoplayer\/tv2\/embed\/319967_agyonverte-majd-letepte-a-gyurui.html\" frameborder=\"0\" scrolling=\"no\"><\/iframe>\n","protected":false},"excerpt":{"rendered":"<p> Letart\u00f3ztatta a b\u00edr\u00f3s\u00e1g azt a f\u00e9rfit, aki cs\u00fct\u00f6rt\u00f6k\u00f6n egy kar\u00f3val agyonvert egy id\u0151s n\u0151t S\u00e1lyon. A 21 \u00e9ves elk\u00f6vet\u0151 hajnalban t\u00f6rhette r\u00e1 az ajt\u00f3t a neves n\u00e9prajzkutat\u00f3ra \u00e9s mivel p\u00e9nzt nem kapott, \u00edgy kifosztotta a halott n\u0151t. Inform\u00e1ci\u00f3ink szerint m\u00e9g az ujjair\u00f3l is leh\u00fazta a gy\u0171r\u0171ket. A f\u00e9rfi mindent beismert. Azzal v\u00e9dekezett, hogy r\u00e9szeg [&#8230;]<\/p>\n","protected":false},"author":4,"featured_media":0,"comment_status":"open","ping_status":"closed","sticky":false,"template":"","format":"standard","meta":{"footnotes":""},"categories":[5],"tags":[71,1079,3314,2342],"class_list":["post-21398","post","type-post","status-publish","format-standard","hentry","category-kek-hirek","tag-birosag","tag-gyilkossag","tag-gyuru","tag-saly"],"_links":{"self":[{"href":"https:\/\/www.agriatv.hu\/index.php?rest_route=\/wp\/v2\/posts\/21398","targetHints":{"allow":["GET"]}}],"collection":[{"href":"https:\/\/www.agriatv.hu\/index.php?rest_route=\/wp\/v2\/posts"}],"about":[{"href":"https:\/\/www.agriatv.hu\/index.php?rest_route=\/wp\/v2\/types\/post"}],"author":[{"embeddable":true,"href":"https:\/\/www.agriatv.hu\/index.php?rest_route=\/wp\/v2\/users\/4"}],"replies":[{"embeddable":true,"href":"https:\/\/www.agriatv.hu\/index.php?rest_route=%2Fwp%2Fv2%2Fcomments&post=21398"}],"version-history":[{"count":1,"href":"https:\/\/www.agriatv.hu\/index.php?rest_route=\/wp\/v2\/posts\/21398\/revisions"}],"predecessor-version":[{"id":21400,"href":"https:\/\/www.agriatv.hu\/index.php?rest_route=\/wp\/v2\/posts\/21398\/revisions\/21400"}],"wp:attachment":[{"href":"https:\/\/www.agriatv.hu\/index.php?rest_route=%2Fwp%2Fv2%2Fmedia&parent=21398"}],"wp:term":[{"taxonomy":"category","embeddable":true,"href":"https:\/\/www.agriatv.hu\/index.php?rest_route=%2Fwp%2Fv2%2Fcategories&post=21398"},{"taxonomy":"post_tag","embeddable":true,"href":"https:\/\/www.agriatv.hu\/index.php?rest_route=%2Fwp%2Fv2%2Ftags&post=21398"}],"curies":[{"name":"wp","href":"https:\/\/api.w.org\/{rel}","templated":true}]}}