{"id":21401,"date":"2020-02-05T20:49:34","date_gmt":"2020-02-05T20:49:34","guid":{"rendered":"http:\/\/www.agriatv.hu\/?p=21401"},"modified":"2020-02-05T20:49:35","modified_gmt":"2020-02-05T20:49:35","slug":"minden-elozmeny-nelkul-tamadtak-rajuk","status":"publish","type":"post","link":"https:\/\/www.agriatv.hu\/?p=21401","title":{"rendered":"Minden el\u0151zm\u00e9ny n\u00e9lk\u00fcl t\u00e1madtak r\u00e1juk"},"content":{"rendered":"\n<div class=\"wp-block-image\"><figure class=\"alignleft size-large\"><img loading=\"lazy\" decoding=\"async\" width=\"320\" height=\"180\" src=\"https:\/\/www.agriatv.hu\/wp-content\/uploads\/2020\/02\/image_52c162bb946dac9bd2b73ff5b637.jpg\" alt=\"\" class=\"wp-image-21402\" srcset=\"https:\/\/www.agriatv.hu\/wp-content\/uploads\/2020\/02\/image_52c162bb946dac9bd2b73ff5b637.jpg 320w, https:\/\/www.agriatv.hu\/wp-content\/uploads\/2020\/02\/image_52c162bb946dac9bd2b73ff5b637-300x169.jpg 300w\" sizes=\"auto, (max-width: 320px) 100vw, 320px\" \/><\/figure><\/div>\n\n\n\n<p> A test\u00e9vel pr\u00f3b\u00e1lta v\u00e9deni f\u00f6ldre ker\u00fclt bar\u00e1tj\u00e1t \u2013 ezt mondta H\u00edrad\u00f3nknak az a f\u00e9rfi, akit ismer\u0151seivel egy\u00fctt megt\u00e1madtak p\u00e9ntek este Egerben. A fiatalember szerint semmilyen konfliktus nem volt a k\u00e9t t\u00e1rsas\u00e1g k\u00f6z\u00f6tt, minden el\u0151zm\u00e9ny n\u00e9lk\u00fcl t\u00e1madtak r\u00e1juk. Hi\u00e1ba pr\u00f3b\u00e1ltak elmenek\u00fclni, folyamatosan k\u00f6vett\u00e9k \u0151ket. A dulakod\u00e1sban ketten s\u00falyosan megs\u00e9r\u00fcltek. A ver\u00e9snek a rend\u0151r\u00f6k vetettek v\u00e9get, gar\u00e1zdas\u00e1g \u00e9s testi s\u00e9rt\u00e9s miatt ind\u00edtottak elj\u00e1r\u00e1st. <\/p>\n\n\n\n<div style=\"width: 100%; height: 0px; position: relative; padding-bottom: 56%;\"><iframe src=\"https:\/\/embed.rtl.hu\/embed\/1495392\" frameborder=\"0\" allowfullscreen=\"true\" style=\"width: 100%; height: 100%; position: absolute;\"><\/iframe><\/div>\n","protected":false},"excerpt":{"rendered":"<p> A test\u00e9vel pr\u00f3b\u00e1lta v\u00e9deni f\u00f6ldre ker\u00fclt bar\u00e1tj\u00e1t \u2013 ezt mondta H\u00edrad\u00f3nknak az a f\u00e9rfi, akit ismer\u0151seivel egy\u00fctt megt\u00e1madtak p\u00e9ntek este Egerben. A fiatalember szerint semmilyen konfliktus nem volt a k\u00e9t t\u00e1rsas\u00e1g k\u00f6z\u00f6tt, minden el\u0151zm\u00e9ny n\u00e9lk\u00fcl t\u00e1madtak r\u00e1juk. Hi\u00e1ba pr\u00f3b\u00e1ltak elmenek\u00fclni, folyamatosan k\u00f6vett\u00e9k \u0151ket. A dulakod\u00e1sban ketten s\u00falyosan megs\u00e9r\u00fcltek. A ver\u00e9snek a rend\u0151r\u00f6k vetettek v\u00e9get, [&#8230;]<\/p>\n","protected":false},"author":4,"featured_media":0,"comment_status":"open","ping_status":"closed","sticky":false,"template":"","format":"standard","meta":{"footnotes":""},"categories":[5],"tags":[36,122,1263,829,3434,1565],"class_list":["post-21401","post","type-post","status-publish","format-standard","hentry","category-kek-hirek","tag-eger","tag-rendorseg","tag-serules","tag-tamadas","tag-tarsasag","tag-veres"],"_links":{"self":[{"href":"https:\/\/www.agriatv.hu\/index.php?rest_route=\/wp\/v2\/posts\/21401","targetHints":{"allow":["GET"]}}],"collection":[{"href":"https:\/\/www.agriatv.hu\/index.php?rest_route=\/wp\/v2\/posts"}],"about":[{"href":"https:\/\/www.agriatv.hu\/index.php?rest_route=\/wp\/v2\/types\/post"}],"author":[{"embeddable":true,"href":"https:\/\/www.agriatv.hu\/index.php?rest_route=\/wp\/v2\/users\/4"}],"replies":[{"embeddable":true,"href":"https:\/\/www.agriatv.hu\/index.php?rest_route=%2Fwp%2Fv2%2Fcomments&post=21401"}],"version-history":[{"count":1,"href":"https:\/\/www.agriatv.hu\/index.php?rest_route=\/wp\/v2\/posts\/21401\/revisions"}],"predecessor-version":[{"id":21403,"href":"https:\/\/www.agriatv.hu\/index.php?rest_route=\/wp\/v2\/posts\/21401\/revisions\/21403"}],"wp:attachment":[{"href":"https:\/\/www.agriatv.hu\/index.php?rest_route=%2Fwp%2Fv2%2Fmedia&parent=21401"}],"wp:term":[{"taxonomy":"category","embeddable":true,"href":"https:\/\/www.agriatv.hu\/index.php?rest_route=%2Fwp%2Fv2%2Fcategories&post=21401"},{"taxonomy":"post_tag","embeddable":true,"href":"https:\/\/www.agriatv.hu\/index.php?rest_route=%2Fwp%2Fv2%2Ftags&post=21401"}],"curies":[{"name":"wp","href":"https:\/\/api.w.org\/{rel}","templated":true}]}}