{"id":21418,"date":"2020-02-10T18:39:34","date_gmt":"2020-02-10T18:39:34","guid":{"rendered":"http:\/\/www.agriatv.hu\/?p=21418"},"modified":"2020-02-10T18:39:37","modified_gmt":"2020-02-10T18:39:37","slug":"zarlatos-bojler-miatt-halt-meg-a-fiu-2","status":"publish","type":"post","link":"https:\/\/www.agriatv.hu\/?p=21418","title":{"rendered":"Z\u00e1rlatos bojler miatt halt meg a fi\u00fa"},"content":{"rendered":"\n<div class=\"wp-block-image\"><figure class=\"alignleft size-large is-resized\"><img loading=\"lazy\" decoding=\"async\" src=\"https:\/\/www.agriatv.hu\/wp-content\/uploads\/2020\/02\/704072.325x183.jpg\" alt=\"\" class=\"wp-image-21419\" width=\"207\" height=\"117\" srcset=\"https:\/\/www.agriatv.hu\/wp-content\/uploads\/2020\/02\/704072.325x183.jpg 325w, https:\/\/www.agriatv.hu\/wp-content\/uploads\/2020\/02\/704072.325x183-300x169.jpg 300w\" sizes=\"auto, (max-width: 207px) 100vw, 207px\" \/><\/figure><\/div>\n\n\n\n<p> Z\u00e1rlatos volt a bojler, ez\u00e9rt halt meg egy 14 \u00e9ves fi\u00fa Heves megy\u00e9ben. A kamaszt f\u00fcrd\u00e9s k\u00f6zben r\u00e1zta hal\u00e1lra az \u00e1ram. A fi\u00fa az anyj\u00e1val \u00e9s a k\u00e9t fiatalabb testv\u00e9r\u00e9vel lakott alb\u00e9rletben a h\u00e1zban, ahol a trag\u00e9dia t\u00f6rt\u00e9nt. A csal\u00e1dnak nem volt p\u00e9nze kicser\u00e9lni a z\u00e1rlatos bojlert, s\u0151t az \u00e1ramot is lopt\u00e1k, mert a n\u0151 nem tudta fizetni a sz\u00e1ml\u00e1kat. V\u00e9g\u00fcl rosszul k\u00f6t\u00f6tte \u00f6ssze a vezet\u00e9keket, a h\u00e1rom gyerekes any\u00e1t most \u00edt\u00e9lte el a b\u00edr\u00f3s\u00e1g. <\/p>\n\n\n\n<iframe loading=\"lazy\" allowfullscreen=\"yes\" width=\"640\" height=\"360\" src=\"\/\/tenyek.hu\/neoplayer\/tv2\/embed\/321033_zarlatos-bojler-miatt-halt-meg-a-fiu.html\" frameborder=\"0\" scrolling=\"no\"><\/iframe>\n","protected":false},"excerpt":{"rendered":"<p> Z\u00e1rlatos volt a bojler, ez\u00e9rt halt meg egy 14 \u00e9ves fi\u00fa Heves megy\u00e9ben. A kamaszt f\u00fcrd\u00e9s k\u00f6zben r\u00e1zta hal\u00e1lra az \u00e1ram. A fi\u00fa az anyj\u00e1val \u00e9s a k\u00e9t fiatalabb testv\u00e9r\u00e9vel lakott alb\u00e9rletben a h\u00e1zban, ahol a trag\u00e9dia t\u00f6rt\u00e9nt. A csal\u00e1dnak nem volt p\u00e9nze kicser\u00e9lni a z\u00e1rlatos bojlert, s\u0151t az \u00e1ramot is lopt\u00e1k, mert a [&#8230;]<\/p>\n","protected":false},"author":4,"featured_media":0,"comment_status":"open","ping_status":"closed","sticky":false,"template":"","format":"standard","meta":{"footnotes":""},"categories":[5],"tags":[2048,71,320,771,2296,1471],"class_list":["post-21418","post","type-post","status-publish","format-standard","hentry","category-kek-hirek","tag-apc","tag-birosag","tag-gyermek","tag-halal","tag-itelet","tag-zarlat"],"_links":{"self":[{"href":"https:\/\/www.agriatv.hu\/index.php?rest_route=\/wp\/v2\/posts\/21418","targetHints":{"allow":["GET"]}}],"collection":[{"href":"https:\/\/www.agriatv.hu\/index.php?rest_route=\/wp\/v2\/posts"}],"about":[{"href":"https:\/\/www.agriatv.hu\/index.php?rest_route=\/wp\/v2\/types\/post"}],"author":[{"embeddable":true,"href":"https:\/\/www.agriatv.hu\/index.php?rest_route=\/wp\/v2\/users\/4"}],"replies":[{"embeddable":true,"href":"https:\/\/www.agriatv.hu\/index.php?rest_route=%2Fwp%2Fv2%2Fcomments&post=21418"}],"version-history":[{"count":1,"href":"https:\/\/www.agriatv.hu\/index.php?rest_route=\/wp\/v2\/posts\/21418\/revisions"}],"predecessor-version":[{"id":21420,"href":"https:\/\/www.agriatv.hu\/index.php?rest_route=\/wp\/v2\/posts\/21418\/revisions\/21420"}],"wp:attachment":[{"href":"https:\/\/www.agriatv.hu\/index.php?rest_route=%2Fwp%2Fv2%2Fmedia&parent=21418"}],"wp:term":[{"taxonomy":"category","embeddable":true,"href":"https:\/\/www.agriatv.hu\/index.php?rest_route=%2Fwp%2Fv2%2Fcategories&post=21418"},{"taxonomy":"post_tag","embeddable":true,"href":"https:\/\/www.agriatv.hu\/index.php?rest_route=%2Fwp%2Fv2%2Ftags&post=21418"}],"curies":[{"name":"wp","href":"https:\/\/api.w.org\/{rel}","templated":true}]}}