{"id":21421,"date":"2020-02-14T19:48:49","date_gmt":"2020-02-14T19:48:49","guid":{"rendered":"http:\/\/www.agriatv.hu\/?p=21421"},"modified":"2020-02-14T19:48:50","modified_gmt":"2020-02-14T19:48:50","slug":"maszokabaleset-duhong-a-gyaszolo-apa","status":"publish","type":"post","link":"https:\/\/www.agriatv.hu\/?p=21421","title":{"rendered":"M\u00e1sz\u00f3kabaleset: d\u00fch\u00f6ng a gy\u00e1szol\u00f3 apa"},"content":{"rendered":"\n<div class=\"wp-block-image\"><figure class=\"alignleft size-large is-resized\"><img loading=\"lazy\" decoding=\"async\" src=\"https:\/\/www.agriatv.hu\/wp-content\/uploads\/2020\/02\/705134.325x183.jpg\" alt=\"\" class=\"wp-image-21422\" width=\"201\" height=\"113\" srcset=\"https:\/\/www.agriatv.hu\/wp-content\/uploads\/2020\/02\/705134.325x183.jpg 325w, https:\/\/www.agriatv.hu\/wp-content\/uploads\/2020\/02\/705134.325x183-300x169.jpg 300w\" sizes=\"auto, (max-width: 201px) 100vw, 201px\" \/><\/figure><\/div>\n\n\n\n<p> D\u00fch\u00f6s a Cs\u00e1nyon m\u00e1sz\u00f3kabalesetben meghalt hat\u00e9ves kisl\u00e1ny \u00e9desapja. A Bors szerint ugyanis gy\u0171jt\u00e9sb\u0151l k\u00edv\u00e1nj\u00e1k fel\u00faj\u00edtani a cs\u00e1nyi \u00f3voda k\u00fclt\u00e9ri j\u00e1t\u00e9kait. Az apa viszont azt mondta, hogy addig nem j\u00e1rul hozz\u00e1 a fel\u00faj\u00edt\u00e1shoz egy forinttal sem, am\u00edg az int\u00e9zm\u00e9nyvezet\u0151t el nem t\u00e1vol\u00edtj\u00e1k. Szerinte ugyanis nem vigy\u00e1ztak el\u00e9gg\u00e9 a gyerekekre. <\/p>\n\n\n\n<iframe loading=\"lazy\" allowfullscreen=\"yes\" width=\"640\" height=\"360\" src=\"\/\/tenyek.hu\/neoplayer\/tv2\/embed\/321671_maszokabaleset-duhong-a-gyaszolo-apa.html\" frameborder=\"0\" scrolling=\"no\"><\/iframe>\n","protected":false},"excerpt":{"rendered":"<p> D\u00fch\u00f6s a Cs\u00e1nyon m\u00e1sz\u00f3kabalesetben meghalt hat\u00e9ves kisl\u00e1ny \u00e9desapja. A Bors szerint ugyanis gy\u0171jt\u00e9sb\u0151l k\u00edv\u00e1nj\u00e1k fel\u00faj\u00edtani a cs\u00e1nyi \u00f3voda k\u00fclt\u00e9ri j\u00e1t\u00e9kait. Az apa viszont azt mondta, hogy addig nem j\u00e1rul hozz\u00e1 a fel\u00faj\u00edt\u00e1shoz egy forinttal sem, am\u00edg az int\u00e9zm\u00e9nyvezet\u0151t el nem t\u00e1vol\u00edtj\u00e1k. Szerinte ugyanis nem vigy\u00e1ztak el\u00e9gg\u00e9 a gyerekekre. <\/p>\n","protected":false},"author":4,"featured_media":0,"comment_status":"open","ping_status":"closed","sticky":false,"template":"","format":"standard","meta":{"footnotes":""},"categories":[5],"tags":[41,1902,320,747,132],"class_list":["post-21421","post","type-post","status-publish","format-standard","hentry","category-kek-hirek","tag-baleset","tag-csany","tag-gyermek","tag-nyomozas","tag-ovoda"],"_links":{"self":[{"href":"https:\/\/www.agriatv.hu\/index.php?rest_route=\/wp\/v2\/posts\/21421","targetHints":{"allow":["GET"]}}],"collection":[{"href":"https:\/\/www.agriatv.hu\/index.php?rest_route=\/wp\/v2\/posts"}],"about":[{"href":"https:\/\/www.agriatv.hu\/index.php?rest_route=\/wp\/v2\/types\/post"}],"author":[{"embeddable":true,"href":"https:\/\/www.agriatv.hu\/index.php?rest_route=\/wp\/v2\/users\/4"}],"replies":[{"embeddable":true,"href":"https:\/\/www.agriatv.hu\/index.php?rest_route=%2Fwp%2Fv2%2Fcomments&post=21421"}],"version-history":[{"count":1,"href":"https:\/\/www.agriatv.hu\/index.php?rest_route=\/wp\/v2\/posts\/21421\/revisions"}],"predecessor-version":[{"id":21423,"href":"https:\/\/www.agriatv.hu\/index.php?rest_route=\/wp\/v2\/posts\/21421\/revisions\/21423"}],"wp:attachment":[{"href":"https:\/\/www.agriatv.hu\/index.php?rest_route=%2Fwp%2Fv2%2Fmedia&parent=21421"}],"wp:term":[{"taxonomy":"category","embeddable":true,"href":"https:\/\/www.agriatv.hu\/index.php?rest_route=%2Fwp%2Fv2%2Fcategories&post=21421"},{"taxonomy":"post_tag","embeddable":true,"href":"https:\/\/www.agriatv.hu\/index.php?rest_route=%2Fwp%2Fv2%2Ftags&post=21421"}],"curies":[{"name":"wp","href":"https:\/\/api.w.org\/{rel}","templated":true}]}}