{"id":21427,"date":"2020-02-15T19:26:26","date_gmt":"2020-02-15T19:26:26","guid":{"rendered":"http:\/\/www.agriatv.hu\/?p=21427"},"modified":"2020-02-15T19:26:30","modified_gmt":"2020-02-15T19:26:30","slug":"szuleivel-menekult-az-ego-hazbol","status":"publish","type":"post","link":"https:\/\/www.agriatv.hu\/?p=21427","title":{"rendered":"Sz\u00fcleivel menek\u00fclt az \u00e9g\u0151 h\u00e1zb\u00f3l"},"content":{"rendered":"\n<div class=\"wp-block-image\"><figure class=\"alignleft size-large is-resized\"><img loading=\"lazy\" decoding=\"async\" src=\"https:\/\/www.agriatv.hu\/wp-content\/uploads\/2020\/02\/705247.325x183.jpg\" alt=\"\" class=\"wp-image-21428\" width=\"152\" height=\"86\" srcset=\"https:\/\/www.agriatv.hu\/wp-content\/uploads\/2020\/02\/705247.325x183.jpg 325w, https:\/\/www.agriatv.hu\/wp-content\/uploads\/2020\/02\/705247.325x183-300x169.jpg 300w\" sizes=\"auto, (max-width: 152px) 100vw, 152px\" \/><\/figure><\/div>\n\n\n\n<p> \u00a0Egy kisfi\u00fanak \u00e9s a sz\u00fcleinek kellett az utc\u00e1ra menek\u00fclni, mert \u00e9jszaka kigyulladt a h\u00e1zuk Fels\u0151t\u00e1rk\u00e1nyban. Furcsa szagra \u00e9s pattog\u00e1sra \u00e9bredtek, az apa kiment a gar\u00e1zsba, hogy megn\u00e9zze mi t\u00f6rt\u00e9nt akkor vette \u00e9szre hogy szinte az eg\u00e9sz tet\u0151 \u00e9g. A f\u00e9rfi az \u00e9lete kock\u00e1ztat\u00e1s\u00e1val m\u00e9g kihozott k\u00e9t g\u00e1zpalackot is, nehogy felrobbanjanak. Azt mondja, el sem tudja k\u00e9pzelni, mi okozhatta a t\u00fczet, mert a kaz\u00e1nba k\u00e9t napja be sem gy\u00fajtottak. A h\u00e1z lakhatatlann\u00e1 v\u00e1lt. <\/p>\n\n\n\n<iframe loading=\"lazy\" allowfullscreen=\"yes\" width=\"640\" height=\"360\" src=\"\/\/tenyek.hu\/neoplayer\/tv2\/embed\/321717_szuleivel-menekult-az-ego-hazbol.html\" frameborder=\"0\" scrolling=\"no\"><\/iframe>\n\n\n\n<figure class=\"wp-block-embed is-type-rich is-provider-rtl\"><div class=\"wp-block-embed__wrapper\">\n<blockquote class=\"embedly-card\" data-card-controls=\"1\" data-card-align=\"center\" data-card-theme=\"light\" data-card-key=\"bbb82e0305934450ba516e363ef455a7\"><h4><a href=\"https:\/\/rtl.hu\/rtlklub\/hirek\/kisfiukkal-menekultek-a-tuz-elol-lakhatatlanna-valt-a-hazuk\">RTL.hu<\/a><\/h4><p>No Description<\/p><\/blockquote><script async src=\"\/\/cdn.embedly.com\/widgets\/platform.js\" charset=\"UTF-8\"><\/script>\n<\/div><\/figure>\n","protected":false},"excerpt":{"rendered":"<p> \u00a0Egy kisfi\u00fanak \u00e9s a sz\u00fcleinek kellett az utc\u00e1ra menek\u00fclni, mert \u00e9jszaka kigyulladt a h\u00e1zuk Fels\u0151t\u00e1rk\u00e1nyban. Furcsa szagra \u00e9s pattog\u00e1sra \u00e9bredtek, az apa kiment a gar\u00e1zsba, hogy megn\u00e9zze mi t\u00f6rt\u00e9nt akkor vette \u00e9szre hogy szinte az eg\u00e9sz tet\u0151 \u00e9g. A f\u00e9rfi az \u00e9lete kock\u00e1ztat\u00e1s\u00e1val m\u00e9g kihozott k\u00e9t g\u00e1zpalackot is, nehogy felrobbanjanak. Azt mondja, el sem [&#8230;]<\/p>\n","protected":false},"author":4,"featured_media":0,"comment_status":"open","ping_status":"closed","sticky":false,"template":"","format":"standard","meta":{"footnotes":""},"categories":[6,5],"tags":[487,1036,1452,484],"class_list":["post-21427","post","type-post","status-publish","format-standard","hentry","category-belfold","category-kek-hirek","tag-csalad","tag-felsotarkany","tag-haz","tag-tuz"],"_links":{"self":[{"href":"https:\/\/www.agriatv.hu\/index.php?rest_route=\/wp\/v2\/posts\/21427","targetHints":{"allow":["GET"]}}],"collection":[{"href":"https:\/\/www.agriatv.hu\/index.php?rest_route=\/wp\/v2\/posts"}],"about":[{"href":"https:\/\/www.agriatv.hu\/index.php?rest_route=\/wp\/v2\/types\/post"}],"author":[{"embeddable":true,"href":"https:\/\/www.agriatv.hu\/index.php?rest_route=\/wp\/v2\/users\/4"}],"replies":[{"embeddable":true,"href":"https:\/\/www.agriatv.hu\/index.php?rest_route=%2Fwp%2Fv2%2Fcomments&post=21427"}],"version-history":[{"count":1,"href":"https:\/\/www.agriatv.hu\/index.php?rest_route=\/wp\/v2\/posts\/21427\/revisions"}],"predecessor-version":[{"id":21429,"href":"https:\/\/www.agriatv.hu\/index.php?rest_route=\/wp\/v2\/posts\/21427\/revisions\/21429"}],"wp:attachment":[{"href":"https:\/\/www.agriatv.hu\/index.php?rest_route=%2Fwp%2Fv2%2Fmedia&parent=21427"}],"wp:term":[{"taxonomy":"category","embeddable":true,"href":"https:\/\/www.agriatv.hu\/index.php?rest_route=%2Fwp%2Fv2%2Fcategories&post=21427"},{"taxonomy":"post_tag","embeddable":true,"href":"https:\/\/www.agriatv.hu\/index.php?rest_route=%2Fwp%2Fv2%2Ftags&post=21427"}],"curies":[{"name":"wp","href":"https:\/\/api.w.org\/{rel}","templated":true}]}}