{"id":21433,"date":"2020-02-17T17:09:27","date_gmt":"2020-02-17T17:09:27","guid":{"rendered":"http:\/\/www.agriatv.hu\/?p=21433"},"modified":"2020-02-17T17:09:33","modified_gmt":"2020-02-17T17:09:33","slug":"ledolt-egy-haz-fala","status":"publish","type":"post","link":"https:\/\/www.agriatv.hu\/?p=21433","title":{"rendered":"Led\u0151lt egy h\u00e1z fala"},"content":{"rendered":"\n<div class=\"wp-block-image\"><figure class=\"alignleft size-large is-resized\"><img loading=\"lazy\" decoding=\"async\" src=\"https:\/\/www.agriatv.hu\/wp-content\/uploads\/2020\/02\/f-2-1024x576.jpg\" alt=\"\" class=\"wp-image-21434\" width=\"158\" height=\"89\" srcset=\"https:\/\/www.agriatv.hu\/wp-content\/uploads\/2020\/02\/f-2-1024x576.jpg 1024w, https:\/\/www.agriatv.hu\/wp-content\/uploads\/2020\/02\/f-2-300x169.jpg 300w, https:\/\/www.agriatv.hu\/wp-content\/uploads\/2020\/02\/f-2-768x432.jpg 768w, https:\/\/www.agriatv.hu\/wp-content\/uploads\/2020\/02\/f-2-1536x864.jpg 1536w, https:\/\/www.agriatv.hu\/wp-content\/uploads\/2020\/02\/f-2.jpg 1920w\" sizes=\"auto, (max-width: 158px) 100vw, 158px\" \/><\/figure><\/div>\n\n\n\n<p>Kid\u0151lt egy h\u00e1z fala Egerben a Kert\u00e9sz \u00faton.<\/p>\n\n\n\n<p>A r\u00e9gi tipus\u00fa h\u00e1z mellett \u00e9p\u00edtkez\u00e9s folyik, \u00e9pp az alapokat k\u00e9sz\u00edtett\u00e9k. Val\u00f3sz\u00edn\u0171leg a h\u00e1z mellett, az alap sz\u00e1m\u00e1ra ki\u00e1sott \u00e1rok miatt d\u0151lhetett ki a fal. Szakemberek nem z\u00e1rj\u00e1k ki, hogy nem megfelel\u0151en k\u00e9sz\u00edtett\u00e9k el\u0151 az \u00e9p\u00edt\u00e9st.<\/p>\n\n\n\n<p>A katasztr\u00f3fav\u00e9delem munkat\u00e1rsai lez\u00e1rt\u00e1k a h\u00e1z k\u00f6rnyezet\u00e9t, oda bemenni vesz\u00e9lyes. Jelenleg is recseg a h\u00e1z, lehets\u00e9ges, hogy a reggelt sem \u00e9ri meg az \u00e9p\u00fclet.<\/p>\n\n\n\n<p>Besz\u00e9lt\u00fcnk a h\u00e1z tulajdonos\u00e1val, \u0151 nem k\u00edv\u00e1nt nyilatkozni.<\/p>\n\n\n\n<figure class=\"wp-block-embed-youtube wp-block-embed is-type-rich is-provider-youtube\"><div class=\"wp-block-embed__wrapper\">\n<blockquote class=\"embedly-card\" data-card-controls=\"1\" data-card-align=\"center\" data-card-theme=\"light\" data-card-key=\"bbb82e0305934450ba516e363ef455a7\"><h4><a href=\"https:\/\/youtu.be\/8wSxdmW6yko\">200217hazomlas eger y<\/a><\/h4><p>Led\u0151lt egy h\u00e1z fala Egerben.<\/p><\/blockquote><script async src=\"\/\/cdn.embedly.com\/widgets\/platform.js\" charset=\"UTF-8\"><\/script>\n<\/div><\/figure>\n","protected":false},"excerpt":{"rendered":"<p>Kid\u0151lt egy h\u00e1z fala Egerben a Kert\u00e9sz \u00faton.<\/p>\n<p>A r\u00e9gi tipus\u00fa h\u00e1z mellett \u00e9p\u00edtkez\u00e9s folyik, \u00e9pp az alapokat k\u00e9sz\u00edtett\u00e9k. Val\u00f3sz\u00edn\u0171leg a h\u00e1z mellett, az alap sz\u00e1m\u00e1ra ki\u00e1sott \u00e1rok miatt d\u0151lhetett ki a fal. Szakemberek nem z\u00e1rj\u00e1k ki, hogy nem megfelel\u0151en k\u00e9sz\u00edtett\u00e9k el\u0151 az \u00e9p\u00edt\u00e9st.<\/p>\n<p>A katasztr\u00f3fav\u00e9delem munkat\u00e1rsai lez\u00e1rt\u00e1k a h\u00e1z k\u00f6rnyezet\u00e9t, oda bemenni vesz\u00e9lyes. Jelenleg is recseg [&#8230;]<\/p>\n","protected":false},"author":4,"featured_media":0,"comment_status":"open","ping_status":"closed","sticky":false,"template":"","format":"standard","meta":{"footnotes":""},"categories":[6],"tags":[3438,36,1452],"class_list":["post-21433","post","type-post","status-publish","format-standard","hentry","category-belfold","tag-alap","tag-eger","tag-haz"],"_links":{"self":[{"href":"https:\/\/www.agriatv.hu\/index.php?rest_route=\/wp\/v2\/posts\/21433","targetHints":{"allow":["GET"]}}],"collection":[{"href":"https:\/\/www.agriatv.hu\/index.php?rest_route=\/wp\/v2\/posts"}],"about":[{"href":"https:\/\/www.agriatv.hu\/index.php?rest_route=\/wp\/v2\/types\/post"}],"author":[{"embeddable":true,"href":"https:\/\/www.agriatv.hu\/index.php?rest_route=\/wp\/v2\/users\/4"}],"replies":[{"embeddable":true,"href":"https:\/\/www.agriatv.hu\/index.php?rest_route=%2Fwp%2Fv2%2Fcomments&post=21433"}],"version-history":[{"count":1,"href":"https:\/\/www.agriatv.hu\/index.php?rest_route=\/wp\/v2\/posts\/21433\/revisions"}],"predecessor-version":[{"id":21435,"href":"https:\/\/www.agriatv.hu\/index.php?rest_route=\/wp\/v2\/posts\/21433\/revisions\/21435"}],"wp:attachment":[{"href":"https:\/\/www.agriatv.hu\/index.php?rest_route=%2Fwp%2Fv2%2Fmedia&parent=21433"}],"wp:term":[{"taxonomy":"category","embeddable":true,"href":"https:\/\/www.agriatv.hu\/index.php?rest_route=%2Fwp%2Fv2%2Fcategories&post=21433"},{"taxonomy":"post_tag","embeddable":true,"href":"https:\/\/www.agriatv.hu\/index.php?rest_route=%2Fwp%2Fv2%2Ftags&post=21433"}],"curies":[{"name":"wp","href":"https:\/\/api.w.org\/{rel}","templated":true}]}}