{"id":21436,"date":"2020-02-17T19:18:04","date_gmt":"2020-02-17T19:18:04","guid":{"rendered":"http:\/\/www.agriatv.hu\/?p=21436"},"modified":"2020-02-17T19:18:04","modified_gmt":"2020-02-17T19:18:04","slug":"fegyver-es-szarvastetem-a-kocsiban","status":"publish","type":"post","link":"https:\/\/www.agriatv.hu\/?p=21436","title":{"rendered":"Fegyver \u00e9s szarvastetem a kocsiban"},"content":{"rendered":"\n<div class=\"wp-block-image\"><figure class=\"alignleft size-large is-resized\"><img loading=\"lazy\" decoding=\"async\" src=\"https:\/\/www.agriatv.hu\/wp-content\/uploads\/2020\/02\/705633.325x183.jpg\" alt=\"\" class=\"wp-image-21437\" width=\"192\" height=\"108\" srcset=\"https:\/\/www.agriatv.hu\/wp-content\/uploads\/2020\/02\/705633.325x183.jpg 325w, https:\/\/www.agriatv.hu\/wp-content\/uploads\/2020\/02\/705633.325x183-300x169.jpg 300w\" sizes=\"auto, (max-width: 192px) 100vw, 192px\" \/><\/figure><\/div>\n\n\n\n<p> Szarvastetem, enged\u00e9ly n\u00e9lk\u00fcl tartott l\u0151fegyver \u00e9s l\u0151szerek ker\u00fcltek el\u0151 egy p\u00e1szt\u00f3i f\u00e9rfi aut\u00f3j\u00e1b\u00f3l. A s\u00e1msonh\u00e1zai vad\u00e1szoknak lett gyan\u00fas a f\u00e9rfi, \u0151k \u00e9rtes\u00edtett\u00e9k a rend\u0151r\u00f6ket, akik azonnal \u00e1tkutatt\u00e1k az 51 \u00e9ves f\u00e9rfi kocsij\u00e1t. \u0150rizetbe vett\u00e9k, ak\u00e1r h\u00e1rom \u00e9vre is b\u00f6rt\u00f6nbe ker\u00fclhet az orvvad\u00e1szat miatt. <\/p>\n\n\n\n<iframe loading=\"lazy\" allowfullscreen=\"yes\" width=\"640\" height=\"360\" src=\"\/\/tenyek.hu\/neoplayer\/tv2\/embed\/321943_fegyver-es-szarvastetem-a-kocsiban.html\" frameborder=\"0\" scrolling=\"no\"><\/iframe>\n","protected":false},"excerpt":{"rendered":"<p> Szarvastetem, enged\u00e9ly n\u00e9lk\u00fcl tartott l\u0151fegyver \u00e9s l\u0151szerek ker\u00fcltek el\u0151 egy p\u00e1szt\u00f3i f\u00e9rfi aut\u00f3j\u00e1b\u00f3l. A s\u00e1msonh\u00e1zai vad\u00e1szoknak lett gyan\u00fas a f\u00e9rfi, \u0151k \u00e9rtes\u00edtett\u00e9k a rend\u0151r\u00f6ket, akik azonnal \u00e1tkutatt\u00e1k az 51 \u00e9ves f\u00e9rfi kocsij\u00e1t. \u0150rizetbe vett\u00e9k, ak\u00e1r h\u00e1rom \u00e9vre is b\u00f6rt\u00f6nbe ker\u00fclhet az orvvad\u00e1szat miatt. <\/p>\n","protected":false},"author":4,"featured_media":0,"comment_status":"open","ping_status":"closed","sticky":false,"template":"","format":"standard","meta":{"footnotes":""},"categories":[6,5],"tags":[1364,3439,2393,2045],"class_list":["post-21436","post","type-post","status-publish","format-standard","hentry","category-belfold","category-kek-hirek","tag-fegyver","tag-lofegyver","tag-orvvadasz","tag-szarvas"],"_links":{"self":[{"href":"https:\/\/www.agriatv.hu\/index.php?rest_route=\/wp\/v2\/posts\/21436","targetHints":{"allow":["GET"]}}],"collection":[{"href":"https:\/\/www.agriatv.hu\/index.php?rest_route=\/wp\/v2\/posts"}],"about":[{"href":"https:\/\/www.agriatv.hu\/index.php?rest_route=\/wp\/v2\/types\/post"}],"author":[{"embeddable":true,"href":"https:\/\/www.agriatv.hu\/index.php?rest_route=\/wp\/v2\/users\/4"}],"replies":[{"embeddable":true,"href":"https:\/\/www.agriatv.hu\/index.php?rest_route=%2Fwp%2Fv2%2Fcomments&post=21436"}],"version-history":[{"count":1,"href":"https:\/\/www.agriatv.hu\/index.php?rest_route=\/wp\/v2\/posts\/21436\/revisions"}],"predecessor-version":[{"id":21438,"href":"https:\/\/www.agriatv.hu\/index.php?rest_route=\/wp\/v2\/posts\/21436\/revisions\/21438"}],"wp:attachment":[{"href":"https:\/\/www.agriatv.hu\/index.php?rest_route=%2Fwp%2Fv2%2Fmedia&parent=21436"}],"wp:term":[{"taxonomy":"category","embeddable":true,"href":"https:\/\/www.agriatv.hu\/index.php?rest_route=%2Fwp%2Fv2%2Fcategories&post=21436"},{"taxonomy":"post_tag","embeddable":true,"href":"https:\/\/www.agriatv.hu\/index.php?rest_route=%2Fwp%2Fv2%2Ftags&post=21436"}],"curies":[{"name":"wp","href":"https:\/\/api.w.org\/{rel}","templated":true}]}}