{"id":21442,"date":"2020-02-21T19:36:24","date_gmt":"2020-02-21T19:36:24","guid":{"rendered":"http:\/\/www.agriatv.hu\/?p=21442"},"modified":"2020-02-21T19:36:24","modified_gmt":"2020-02-21T19:36:24","slug":"megviseli-az-embereket-az-idojaras","status":"publish","type":"post","link":"https:\/\/www.agriatv.hu\/?p=21442","title":{"rendered":"Megviseli az embereket az id\u0151j\u00e1r\u00e1s"},"content":{"rendered":"\n<div class=\"wp-block-image\"><figure class=\"alignleft size-large is-resized\"><img loading=\"lazy\" decoding=\"async\" src=\"https:\/\/www.agriatv.hu\/wp-content\/uploads\/2020\/02\/706725.325x183.jpg\" alt=\"\" class=\"wp-image-21443\" width=\"214\" height=\"120\" srcset=\"https:\/\/www.agriatv.hu\/wp-content\/uploads\/2020\/02\/706725.325x183.jpg 325w, https:\/\/www.agriatv.hu\/wp-content\/uploads\/2020\/02\/706725.325x183-300x169.jpg 300w\" sizes=\"auto, (max-width: 214px) 100vw, 214px\" \/><\/figure><\/div>\n\n\n\n<p> Alv\u00e1szavarokat, v\u00e9rnyom\u00e1s probl\u00e9m\u00e1kat \u00e9s fejf\u00e1j\u00e1st okozhat a sz\u00e9ls\u0151s\u00e9ges id\u0151j\u00e1r\u00e1s. Janu\u00e1r az \u00e1tlag h\u0151m\u00e9rs\u00e9klet k\u00f6zel\u00e9ben volt, febru\u00e1r azonban j\u00f3val melegebb a megszokottn\u00e1l. A legnagyobb probl\u00e9ma, hogy egyik napr\u00f3l a m\u00e1sikra 10 fokos elt\u00e9r\u00e9s is lehet, mellette pedig viharos erej\u0171 sz\u00e9l is tombol, ami nagyon megviseli a szervezetet. A k\u00f6vetkez\u0151 hetekben sem v\u00e1rhat\u00f3 v\u00e1ltoz\u00e1s. <\/p>\n\n\n\n<iframe loading=\"lazy\" allowfullscreen=\"yes\" width=\"640\" height=\"360\" src=\"\/\/tenyek.hu\/neoplayer\/tv2\/embed\/322600_megviseli-az-embereket-az-idojar.html\" frameborder=\"0\" scrolling=\"no\"><\/iframe>\n","protected":false},"excerpt":{"rendered":"<p> Alv\u00e1szavarokat, v\u00e9rnyom\u00e1s probl\u00e9m\u00e1kat \u00e9s fejf\u00e1j\u00e1st okozhat a sz\u00e9ls\u0151s\u00e9ges id\u0151j\u00e1r\u00e1s. Janu\u00e1r az \u00e1tlag h\u0151m\u00e9rs\u00e9klet k\u00f6zel\u00e9ben volt, febru\u00e1r azonban j\u00f3val melegebb a megszokottn\u00e1l. A legnagyobb probl\u00e9ma, hogy egyik napr\u00f3l a m\u00e1sikra 10 fokos elt\u00e9r\u00e9s is lehet, mellette pedig viharos erej\u0171 sz\u00e9l is tombol, ami nagyon megviseli a szervezetet. A k\u00f6vetkez\u0151 hetekben sem v\u00e1rhat\u00f3 v\u00e1ltoz\u00e1s. <\/p>\n","protected":false},"author":4,"featured_media":0,"comment_status":"open","ping_status":"closed","sticky":false,"template":"","format":"standard","meta":{"footnotes":""},"categories":[6,19,4],"tags":[36,872,899,1911,197],"class_list":["post-21442","post","type-post","status-publish","format-standard","hentry","category-belfold","category-egeszseg","category-szabadido","tag-eger","tag-ho","tag-idojaras","tag-meleg","tag-szel"],"_links":{"self":[{"href":"https:\/\/www.agriatv.hu\/index.php?rest_route=\/wp\/v2\/posts\/21442","targetHints":{"allow":["GET"]}}],"collection":[{"href":"https:\/\/www.agriatv.hu\/index.php?rest_route=\/wp\/v2\/posts"}],"about":[{"href":"https:\/\/www.agriatv.hu\/index.php?rest_route=\/wp\/v2\/types\/post"}],"author":[{"embeddable":true,"href":"https:\/\/www.agriatv.hu\/index.php?rest_route=\/wp\/v2\/users\/4"}],"replies":[{"embeddable":true,"href":"https:\/\/www.agriatv.hu\/index.php?rest_route=%2Fwp%2Fv2%2Fcomments&post=21442"}],"version-history":[{"count":1,"href":"https:\/\/www.agriatv.hu\/index.php?rest_route=\/wp\/v2\/posts\/21442\/revisions"}],"predecessor-version":[{"id":21444,"href":"https:\/\/www.agriatv.hu\/index.php?rest_route=\/wp\/v2\/posts\/21442\/revisions\/21444"}],"wp:attachment":[{"href":"https:\/\/www.agriatv.hu\/index.php?rest_route=%2Fwp%2Fv2%2Fmedia&parent=21442"}],"wp:term":[{"taxonomy":"category","embeddable":true,"href":"https:\/\/www.agriatv.hu\/index.php?rest_route=%2Fwp%2Fv2%2Fcategories&post=21442"},{"taxonomy":"post_tag","embeddable":true,"href":"https:\/\/www.agriatv.hu\/index.php?rest_route=%2Fwp%2Fv2%2Ftags&post=21442"}],"curies":[{"name":"wp","href":"https:\/\/api.w.org\/{rel}","templated":true}]}}