{"id":21500,"date":"2020-03-05T19:54:06","date_gmt":"2020-03-05T19:54:06","guid":{"rendered":"http:\/\/www.agriatv.hu\/?p=21500"},"modified":"2020-03-05T20:22:27","modified_gmt":"2020-03-05T20:22:27","slug":"kamerank-elott-fogtak-el-a-rablot","status":"publish","type":"post","link":"https:\/\/www.agriatv.hu\/?p=21500","title":{"rendered":"Kamer\u00e1nk el\u0151tt fogt\u00e1k el a rabl\u00f3t"},"content":{"rendered":"\n<div class=\"wp-block-image\"><figure class=\"alignleft size-large is-resized\"><img loading=\"lazy\" decoding=\"async\" src=\"https:\/\/www.agriatv.hu\/wp-content\/uploads\/2020\/03\/709666.325x183.jpg\" alt=\"\" class=\"wp-image-21501\" width=\"181\" height=\"102\" srcset=\"https:\/\/www.agriatv.hu\/wp-content\/uploads\/2020\/03\/709666.325x183.jpg 325w, https:\/\/www.agriatv.hu\/wp-content\/uploads\/2020\/03\/709666.325x183-300x169.jpg 300w\" sizes=\"auto, (max-width: 181px) 100vw, 181px\" \/><\/figure><\/div>\n\n\n\n<p> Megverte, majd let\u00e9pte egy n\u0151 v\u00e1ll\u00e1r\u00f3l a t\u00e1sk\u00e1t egy f\u00e9rfi Egerben. A rabl\u00f3t a T\u00e9nyek kamer\u00e1ja el\u0151tt fogta el a rend\u0151rs\u00e9g egerszal\u00f3ki otthon\u00e1ban. A csal\u00e1d \u00e1ll\u00edtja, a f\u00e9rfit \u00e1rtatlanul gyan\u00fas\u00edtott\u00e1k meg annak ellen\u00e9re, hogy megtal\u00e1lt\u00e1k n\u00e1la az elrabolt t\u00e1sk\u00e1t. <\/p>\n\n\n\n<iframe loading=\"lazy\" allowfullscreen=\"yes\" width=\"640\" height=\"360\" src=\"\/\/tenyek.hu\/neoplayer\/tv2\/embed\/324249_kamerank-elott-fogtak-el-a-rablot.html\" frameborder=\"0\" scrolling=\"no\"><\/iframe>\n","protected":false},"excerpt":{"rendered":"<p> Megverte, majd let\u00e9pte egy n\u0151 v\u00e1ll\u00e1r\u00f3l a t\u00e1sk\u00e1t egy f\u00e9rfi Egerben. A rabl\u00f3t a T\u00e9nyek kamer\u00e1ja el\u0151tt fogta el a rend\u0151rs\u00e9g egerszal\u00f3ki otthon\u00e1ban. A csal\u00e1d \u00e1ll\u00edtja, a f\u00e9rfit \u00e1rtatlanul gyan\u00fas\u00edtott\u00e1k meg annak ellen\u00e9re, hogy megtal\u00e1lt\u00e1k n\u00e1la az elrabolt t\u00e1sk\u00e1t. <\/p>\n","protected":false},"author":4,"featured_media":0,"comment_status":"open","ping_status":"closed","sticky":false,"template":"","format":"standard","meta":{"footnotes":""},"categories":[5],"tags":[743,487,36,138,1137,3448],"class_list":["post-21500","post","type-post","status-publish","format-standard","hentry","category-kek-hirek","tag-aldozat","tag-csalad","tag-eger","tag-egerszalok","tag-elfogas","tag-rablas-rendorseg"],"_links":{"self":[{"href":"https:\/\/www.agriatv.hu\/index.php?rest_route=\/wp\/v2\/posts\/21500","targetHints":{"allow":["GET"]}}],"collection":[{"href":"https:\/\/www.agriatv.hu\/index.php?rest_route=\/wp\/v2\/posts"}],"about":[{"href":"https:\/\/www.agriatv.hu\/index.php?rest_route=\/wp\/v2\/types\/post"}],"author":[{"embeddable":true,"href":"https:\/\/www.agriatv.hu\/index.php?rest_route=\/wp\/v2\/users\/4"}],"replies":[{"embeddable":true,"href":"https:\/\/www.agriatv.hu\/index.php?rest_route=%2Fwp%2Fv2%2Fcomments&post=21500"}],"version-history":[{"count":1,"href":"https:\/\/www.agriatv.hu\/index.php?rest_route=\/wp\/v2\/posts\/21500\/revisions"}],"predecessor-version":[{"id":21502,"href":"https:\/\/www.agriatv.hu\/index.php?rest_route=\/wp\/v2\/posts\/21500\/revisions\/21502"}],"wp:attachment":[{"href":"https:\/\/www.agriatv.hu\/index.php?rest_route=%2Fwp%2Fv2%2Fmedia&parent=21500"}],"wp:term":[{"taxonomy":"category","embeddable":true,"href":"https:\/\/www.agriatv.hu\/index.php?rest_route=%2Fwp%2Fv2%2Fcategories&post=21500"},{"taxonomy":"post_tag","embeddable":true,"href":"https:\/\/www.agriatv.hu\/index.php?rest_route=%2Fwp%2Fv2%2Ftags&post=21500"}],"curies":[{"name":"wp","href":"https:\/\/api.w.org\/{rel}","templated":true}]}}