{"id":21515,"date":"2020-03-08T18:42:47","date_gmt":"2020-03-08T18:42:47","guid":{"rendered":"http:\/\/www.agriatv.hu\/?p=21515"},"modified":"2020-03-08T18:42:47","modified_gmt":"2020-03-08T18:42:47","slug":"a-lepcsore-hajtott-es-ott-allt-meg","status":"publish","type":"post","link":"https:\/\/www.agriatv.hu\/?p=21515","title":{"rendered":"A l\u00e9pcs\u0151re hajtott \u00e9s ott \u00e1llt meg"},"content":{"rendered":"\n<div class=\"wp-block-image\"><figure class=\"alignleft size-large is-resized\"><img loading=\"lazy\" decoding=\"async\" src=\"https:\/\/www.agriatv.hu\/wp-content\/uploads\/2020\/03\/710140.325x183.jpg\" alt=\"\" class=\"wp-image-21516\" width=\"201\" height=\"113\" srcset=\"https:\/\/www.agriatv.hu\/wp-content\/uploads\/2020\/03\/710140.325x183.jpg 325w, https:\/\/www.agriatv.hu\/wp-content\/uploads\/2020\/03\/710140.325x183-300x169.jpg 300w\" sizes=\"auto, (max-width: 201px) 100vw, 201px\" \/><\/figure><\/div>\n\n\n\n<p> Lehajtott egy l\u00e9pcs\u0151n, ott azt\u00e1n elakadt egy aut\u00f3s Egerben. Valaki lef\u00e9nyk\u00e9pezte. Hogy mi\u00e9rt kanyarodott be a kapualjba, nem tudni, egy oktat\u00f3 szerint eln\u00e9zhette a navig\u00e1ci\u00f3t, ugyanis az utc\u00e1ban nem sokkal t\u00e1volabb jobbra kell fordulni. Az udvaron parkoltak aut\u00f3k, mert egy m\u00e1sik utc\u00e1b\u00f3l be lehet oda hajtani. Az oktat\u00f3 azt is mondta a T\u00e9nyeknek, meglep\u0151 ugyan az eset, de annyira az\u00e9rt nem csod\u00e1lkozik, mert naponta tal\u00e1lkozik megh\u00f6kkent\u0151 esetekkel. <\/p>\n\n\n\n<iframe loading=\"lazy\" allowfullscreen=\"yes\" width=\"640\" height=\"360\" src=\"\/\/tenyek.hu\/neoplayer\/tv2\/embed\/324471_a-lepcsore-hajtott-es-ott-allt-m.html\" frameborder=\"0\" scrolling=\"no\"><\/iframe>\n","protected":false},"excerpt":{"rendered":"<p> Lehajtott egy l\u00e9pcs\u0151n, ott azt\u00e1n elakadt egy aut\u00f3s Egerben. Valaki lef\u00e9nyk\u00e9pezte. Hogy mi\u00e9rt kanyarodott be a kapualjba, nem tudni, egy oktat\u00f3 szerint eln\u00e9zhette a navig\u00e1ci\u00f3t, ugyanis az utc\u00e1ban nem sokkal t\u00e1volabb jobbra kell fordulni. Az udvaron parkoltak aut\u00f3k, mert egy m\u00e1sik utc\u00e1b\u00f3l be lehet oda hajtani. Az oktat\u00f3 azt is mondta a T\u00e9nyeknek, meglep\u0151 [&#8230;]<\/p>\n","protected":false},"author":4,"featured_media":0,"comment_status":"open","ping_status":"closed","sticky":false,"template":"","format":"standard","meta":{"footnotes":""},"categories":[6],"tags":[1085,36,2518,3450],"class_list":["post-21515","post","type-post","status-publish","format-standard","hentry","category-belfold","tag-auto","tag-eger","tag-jarda","tag-lepcso"],"_links":{"self":[{"href":"https:\/\/www.agriatv.hu\/index.php?rest_route=\/wp\/v2\/posts\/21515","targetHints":{"allow":["GET"]}}],"collection":[{"href":"https:\/\/www.agriatv.hu\/index.php?rest_route=\/wp\/v2\/posts"}],"about":[{"href":"https:\/\/www.agriatv.hu\/index.php?rest_route=\/wp\/v2\/types\/post"}],"author":[{"embeddable":true,"href":"https:\/\/www.agriatv.hu\/index.php?rest_route=\/wp\/v2\/users\/4"}],"replies":[{"embeddable":true,"href":"https:\/\/www.agriatv.hu\/index.php?rest_route=%2Fwp%2Fv2%2Fcomments&post=21515"}],"version-history":[{"count":1,"href":"https:\/\/www.agriatv.hu\/index.php?rest_route=\/wp\/v2\/posts\/21515\/revisions"}],"predecessor-version":[{"id":21517,"href":"https:\/\/www.agriatv.hu\/index.php?rest_route=\/wp\/v2\/posts\/21515\/revisions\/21517"}],"wp:attachment":[{"href":"https:\/\/www.agriatv.hu\/index.php?rest_route=%2Fwp%2Fv2%2Fmedia&parent=21515"}],"wp:term":[{"taxonomy":"category","embeddable":true,"href":"https:\/\/www.agriatv.hu\/index.php?rest_route=%2Fwp%2Fv2%2Fcategories&post=21515"},{"taxonomy":"post_tag","embeddable":true,"href":"https:\/\/www.agriatv.hu\/index.php?rest_route=%2Fwp%2Fv2%2Ftags&post=21515"}],"curies":[{"name":"wp","href":"https:\/\/api.w.org\/{rel}","templated":true}]}}