{"id":21544,"date":"2020-03-14T19:31:02","date_gmt":"2020-03-14T19:31:02","guid":{"rendered":"http:\/\/www.agriatv.hu\/?p=21544"},"modified":"2020-03-14T19:31:06","modified_gmt":"2020-03-14T19:31:06","slug":"mosomedvet-mentettek-egerben","status":"publish","type":"post","link":"https:\/\/www.agriatv.hu\/?p=21544","title":{"rendered":"Mos\u00f3medv\u00e9t mentettek Egerben"},"content":{"rendered":"\n<div class=\"wp-block-image\"><figure class=\"alignleft size-large is-resized\"><img loading=\"lazy\" decoding=\"async\" src=\"https:\/\/www.agriatv.hu\/wp-content\/uploads\/2020\/03\/711621.325x183.jpg\" alt=\"\" class=\"wp-image-21545\" width=\"155\" height=\"87\" srcset=\"https:\/\/www.agriatv.hu\/wp-content\/uploads\/2020\/03\/711621.325x183.jpg 325w, https:\/\/www.agriatv.hu\/wp-content\/uploads\/2020\/03\/711621.325x183-300x169.jpg 300w\" sizes=\"auto, (max-width: 155px) 100vw, 155px\" \/><\/figure><\/div>\n\n\n\n<p> Nagyon meglep\u0151dtek a lak\u00f3k Egerben egy lak\u00f3telepen, amikor azt vett\u00e9k \u00e9szre, hogy egy mos\u00f3medve fekszik az egyik f\u00e1n. A kis \u00e1llat nagyon megijedt, nem akarta elengedni a f\u00e1t, amibe kapaszkodott. Emel\u0151darus kocsival tudt\u00e1k csak leszedni az \u00e1llatment\u0151k. Egy hobbi \u00e1llattart\u00f3t\u00f3l sz\u00f6khetett meg. A h\u00e9tv\u00e9g\u00e9re a helyi nemzeti parkba vitt\u00e9k, j\u00f6v\u0151 h\u00e9ten pedig, \u00faj otthon\u00e1ba, egy k\u00f6rny\u00e9kbeli \u00e1llatkertbe k\u00f6lt\u00f6zik.<\/p>\n\n\n\n<iframe loading=\"lazy\" allowfullscreen=\"yes\" width=\"640\" height=\"360\" src=\"\/\/tenyek.hu\/neoplayer\/tv2\/embed\/325328_mosomedvet-mentettek-egerben.html\" frameborder=\"0\" scrolling=\"no\"><\/iframe>\n\n\n\n<figure class=\"wp-block-embed is-type-rich is-provider-rtl\"><div class=\"wp-block-embed__wrapper\">\n<blockquote class=\"embedly-card\" data-card-controls=\"1\" data-card-align=\"center\" data-card-theme=\"light\" data-card-key=\"bbb82e0305934450ba516e363ef455a7\"><h4><a href=\"https:\/\/rtl.hu\/rtlklub\/hirek\/kalandos-korulmenyek-kozott-mentettek-meg-a-mosomedvet\">RTL.hu<\/a><\/h4><p>No Description<\/p><\/blockquote><script async src=\"\/\/cdn.embedly.com\/widgets\/platform.js\" charset=\"UTF-8\"><\/script>\n<\/div><\/figure>\n","protected":false},"excerpt":{"rendered":"<p> Nagyon meglep\u0151dtek a lak\u00f3k Egerben egy lak\u00f3telepen, amikor azt vett\u00e9k \u00e9szre, hogy egy mos\u00f3medve fekszik az egyik f\u00e1n. A kis \u00e1llat nagyon megijedt, nem akarta elengedni a f\u00e1t, amibe kapaszkodott. Emel\u0151darus kocsival tudt\u00e1k csak leszedni az \u00e1llatment\u0151k. Egy hobbi \u00e1llattart\u00f3t\u00f3l sz\u00f6khetett meg. A h\u00e9tv\u00e9g\u00e9re a helyi nemzeti parkba vitt\u00e9k, j\u00f6v\u0151 h\u00e9ten pedig, \u00faj otthon\u00e1ba, [&#8230;]<\/p>\n","protected":false},"author":4,"featured_media":0,"comment_status":"open","ping_status":"closed","sticky":false,"template":"","format":"standard","meta":{"footnotes":""},"categories":[6,4],"tags":[3456,1603,36,116,1447,3453],"class_list":["post-21544","post","type-post","status-publish","format-standard","hentry","category-belfold","category-szabadido","tag-allattarto","tag-bnpi","tag-eger","tag-fa","tag-mentes","tag-mosomedve"],"_links":{"self":[{"href":"https:\/\/www.agriatv.hu\/index.php?rest_route=\/wp\/v2\/posts\/21544","targetHints":{"allow":["GET"]}}],"collection":[{"href":"https:\/\/www.agriatv.hu\/index.php?rest_route=\/wp\/v2\/posts"}],"about":[{"href":"https:\/\/www.agriatv.hu\/index.php?rest_route=\/wp\/v2\/types\/post"}],"author":[{"embeddable":true,"href":"https:\/\/www.agriatv.hu\/index.php?rest_route=\/wp\/v2\/users\/4"}],"replies":[{"embeddable":true,"href":"https:\/\/www.agriatv.hu\/index.php?rest_route=%2Fwp%2Fv2%2Fcomments&post=21544"}],"version-history":[{"count":2,"href":"https:\/\/www.agriatv.hu\/index.php?rest_route=\/wp\/v2\/posts\/21544\/revisions"}],"predecessor-version":[{"id":21550,"href":"https:\/\/www.agriatv.hu\/index.php?rest_route=\/wp\/v2\/posts\/21544\/revisions\/21550"}],"wp:attachment":[{"href":"https:\/\/www.agriatv.hu\/index.php?rest_route=%2Fwp%2Fv2%2Fmedia&parent=21544"}],"wp:term":[{"taxonomy":"category","embeddable":true,"href":"https:\/\/www.agriatv.hu\/index.php?rest_route=%2Fwp%2Fv2%2Fcategories&post=21544"},{"taxonomy":"post_tag","embeddable":true,"href":"https:\/\/www.agriatv.hu\/index.php?rest_route=%2Fwp%2Fv2%2Ftags&post=21544"}],"curies":[{"name":"wp","href":"https:\/\/api.w.org\/{rel}","templated":true}]}}