{"id":21547,"date":"2020-03-14T18:50:33","date_gmt":"2020-03-14T18:50:33","guid":{"rendered":"http:\/\/www.agriatv.hu\/?p=21547"},"modified":"2020-03-14T18:50:33","modified_gmt":"2020-03-14T18:50:33","slug":"keszulnek-a-digitalis-oktatasra","status":"publish","type":"post","link":"https:\/\/www.agriatv.hu\/?p=21547","title":{"rendered":"K\u00e9sz\u00fclnek a digit\u00e1lis oktat\u00e1sra"},"content":{"rendered":"\n<div class=\"wp-block-image\"><figure class=\"alignleft size-large is-resized\"><img loading=\"lazy\" decoding=\"async\" src=\"https:\/\/www.agriatv.hu\/wp-content\/uploads\/2020\/03\/711612.325x183.jpg\" alt=\"\" class=\"wp-image-21548\" width=\"167\" height=\"94\" srcset=\"https:\/\/www.agriatv.hu\/wp-content\/uploads\/2020\/03\/711612.325x183.jpg 325w, https:\/\/www.agriatv.hu\/wp-content\/uploads\/2020\/03\/711612.325x183-300x169.jpg 300w\" sizes=\"auto, (max-width: 167px) 100vw, 167px\" \/><\/figure><\/div>\n\n\n\n<p> Digit\u00e1lis eszk\u00f6z\u00f6kkel folytat\u00f3dik a tan\u00edt\u00e1s, h\u00e9tf\u0151t\u0151l az \u00f6sszes iskola bez\u00e1r csak a tan\u00e1rok \u00e9s az igazgat\u00f3k mehetnek be. A m\u00e1sf\u00e9l milli\u00f3 \u00e9rintett di\u00e1k otthonr\u00f3l tanul majd, ehhez biztos\u00edtj\u00e1k az eszk\u00f6z\u00f6ket, ahogy az \u00e9tkez\u00e9st is azoknak, akik k\u00e9rik. Az operat\u00edv t\u00f6rzs javaslata, hogy a di\u00e1kokra a sz\u00fcl\u0151k vagy a szomsz\u00e9dok vigy\u00e1zzanak, semmik\u00e9ppen se a vesz\u00e9lyeztetett nagysz\u00fcl\u0151k, de ha kell, kiscsoportokba az iskol\u00e1kban is fel\u00fcgyelnek r\u00e1juk. <\/p>\n\n\n\n<iframe loading=\"lazy\" allowfullscreen=\"yes\" width=\"640\" height=\"360\" src=\"\/\/tenyek.hu\/neoplayer\/tv2\/embed\/325319_keszulnek-a-digitalis-oktatasra.html\" frameborder=\"0\" scrolling=\"no\"><\/iframe>\n","protected":false},"excerpt":{"rendered":"<p> Digit\u00e1lis eszk\u00f6z\u00f6kkel folytat\u00f3dik a tan\u00edt\u00e1s, h\u00e9tf\u0151t\u0151l az \u00f6sszes iskola bez\u00e1r csak a tan\u00e1rok \u00e9s az igazgat\u00f3k mehetnek be. A m\u00e1sf\u00e9l milli\u00f3 \u00e9rintett di\u00e1k otthonr\u00f3l tanul majd, ehhez biztos\u00edtj\u00e1k az eszk\u00f6z\u00f6ket, ahogy az \u00e9tkez\u00e9st is azoknak, akik k\u00e9rik. Az operat\u00edv t\u00f6rzs javaslata, hogy a di\u00e1kokra a sz\u00fcl\u0151k vagy a szomsz\u00e9dok vigy\u00e1zzanak, semmik\u00e9ppen se a vesz\u00e9lyeztetett [&#8230;]<\/p>\n","protected":false},"author":4,"featured_media":0,"comment_status":"open","ping_status":"closed","sticky":false,"template":"","format":"standard","meta":{"footnotes":""},"categories":[6,9,4],"tags":[148,138,359,422,840,60,1895],"class_list":["post-21547","post","type-post","status-publish","format-standard","hentry","category-belfold","category-oktatas","category-szabadido","tag-digitalis","tag-egerszalok","tag-gyujtes","tag-oktatas-2","tag-szamitogep","tag-tanulas","tag-virus"],"_links":{"self":[{"href":"https:\/\/www.agriatv.hu\/index.php?rest_route=\/wp\/v2\/posts\/21547","targetHints":{"allow":["GET"]}}],"collection":[{"href":"https:\/\/www.agriatv.hu\/index.php?rest_route=\/wp\/v2\/posts"}],"about":[{"href":"https:\/\/www.agriatv.hu\/index.php?rest_route=\/wp\/v2\/types\/post"}],"author":[{"embeddable":true,"href":"https:\/\/www.agriatv.hu\/index.php?rest_route=\/wp\/v2\/users\/4"}],"replies":[{"embeddable":true,"href":"https:\/\/www.agriatv.hu\/index.php?rest_route=%2Fwp%2Fv2%2Fcomments&post=21547"}],"version-history":[{"count":1,"href":"https:\/\/www.agriatv.hu\/index.php?rest_route=\/wp\/v2\/posts\/21547\/revisions"}],"predecessor-version":[{"id":21549,"href":"https:\/\/www.agriatv.hu\/index.php?rest_route=\/wp\/v2\/posts\/21547\/revisions\/21549"}],"wp:attachment":[{"href":"https:\/\/www.agriatv.hu\/index.php?rest_route=%2Fwp%2Fv2%2Fmedia&parent=21547"}],"wp:term":[{"taxonomy":"category","embeddable":true,"href":"https:\/\/www.agriatv.hu\/index.php?rest_route=%2Fwp%2Fv2%2Fcategories&post=21547"},{"taxonomy":"post_tag","embeddable":true,"href":"https:\/\/www.agriatv.hu\/index.php?rest_route=%2Fwp%2Fv2%2Ftags&post=21547"}],"curies":[{"name":"wp","href":"https:\/\/api.w.org\/{rel}","templated":true}]}}