{"id":21562,"date":"2020-03-16T18:56:08","date_gmt":"2020-03-16T18:56:08","guid":{"rendered":"http:\/\/www.agriatv.hu\/?p=21562"},"modified":"2020-03-16T18:56:14","modified_gmt":"2020-03-16T18:56:14","slug":"kordonnal-vedik-a-buszsoforoket","status":"publish","type":"post","link":"https:\/\/www.agriatv.hu\/?p=21562","title":{"rendered":"Kordonnal v\u00e9dik a buszsof\u0151r\u00f6ket"},"content":{"rendered":"\n<div class=\"wp-block-image\"><figure class=\"alignleft size-large is-resized\"><img loading=\"lazy\" decoding=\"async\" src=\"https:\/\/www.agriatv.hu\/wp-content\/uploads\/2020\/03\/711970.325x183.jpg\" alt=\"\" class=\"wp-image-21563\" width=\"177\" height=\"100\" srcset=\"https:\/\/www.agriatv.hu\/wp-content\/uploads\/2020\/03\/711970.325x183.jpg 325w, https:\/\/www.agriatv.hu\/wp-content\/uploads\/2020\/03\/711970.325x183-300x169.jpg 300w\" sizes=\"auto, (max-width: 177px) 100vw, 177px\" \/><\/figure><\/div>\n\n\n\n<p> Piros szalaggal z\u00e1rt\u00e1k le a buszsof\u0151r\u00f6ket a budapesti buszokon. M\u00e1t\u00f3l nem lehet felsz\u00e1llni az els\u0151 ajt\u00f3n \u00e9s jegyet sem lehet venni a vezet\u0151n\u00e9l. De az orvosi ell\u00e1t\u00e1sban is \u00faj int\u00e9zked\u00e9seket vezettek be az id\u0151sebb eg\u00e9szs\u00e9g\u00fcgyi dolgoz\u00f3k \u00e9rdek\u00e9ben. Az egri Markhot Ferenc k\u00f3rh\u00e1zban \u00fagynevezett k\u00f3rh\u00e1z-z\u00e1rat hirdettek, csak a s\u00falyos betegeket tudj\u00e1k ell\u00e1tni. <\/p>\n\n\n\n<iframe loading=\"lazy\" allowfullscreen=\"yes\" width=\"640\" height=\"360\" src=\"\/\/tenyek.hu\/neoplayer\/tv2\/embed\/325520_kordonnal-vedik-a-buszsoforoket.html\" frameborder=\"0\" scrolling=\"no\"><\/iframe>\n\n\n\n<figure class=\"wp-block-embed is-type-rich is-provider-rtl\"><div class=\"wp-block-embed__wrapper\">\n<blockquote class=\"embedly-card\" data-card-controls=\"1\" data-card-align=\"center\" data-card-theme=\"light\" data-card-key=\"bbb82e0305934450ba516e363ef455a7\"><h4><a href=\"https:\/\/rtl.hu\/rtlklub\/hirek\/csak-surgos-eseteket-lathatnak-el-a-korhazak\">RTL.hu<\/a><\/h4><p>No Description<\/p><\/blockquote><script async src=\"\/\/cdn.embedly.com\/widgets\/platform.js\" charset=\"UTF-8\"><\/script>\n<\/div><\/figure>\n\n\n\n<figure class=\"wp-block-embed is-type-rich is-provider-atv-hu\"><div class=\"wp-block-embed__wrapper\">\n<blockquote class=\"embedly-card\" data-card-controls=\"1\" data-card-align=\"center\" data-card-theme=\"light\" data-card-key=\"bbb82e0305934450ba516e363ef455a7\"><h4><a href=\"http:\/\/www.atv.hu\/videok\/video-20200316-onkenteseket-varnak-a-korhazakba-hogy-csokkentsek-a-dolgozok-terheit\">ATV.hu<\/a><\/h4><p>Az ATV az els\u0151 mag\u00e1ntelev\u00edzi\u00f3 haz\u00e1nkban. A min\u0151s\u00e9gi, sz\u00ednvonalas, magas \u00e9rt\u00e9krend\u0171 m\u0171sorok k\u00e9sz\u00edt\u00e9s\u00e9t \u00e9s sug\u00e1rz\u00e1s\u00e1t c\u00e9lul kit\u0171z\u0151 kereskedelmi csatorna.<\/p><\/blockquote><script async src=\"\/\/cdn.embedly.com\/widgets\/platform.js\" charset=\"UTF-8\"><\/script>\n<\/div><\/figure>\n","protected":false},"excerpt":{"rendered":"<p> Piros szalaggal z\u00e1rt\u00e1k le a buszsof\u0151r\u00f6ket a budapesti buszokon. M\u00e1t\u00f3l nem lehet felsz\u00e1llni az els\u0151 ajt\u00f3n \u00e9s jegyet sem lehet venni a vezet\u0151n\u00e9l. De az orvosi ell\u00e1t\u00e1sban is \u00faj int\u00e9zked\u00e9seket vezettek be az id\u0151sebb eg\u00e9szs\u00e9g\u00fcgyi dolgoz\u00f3k \u00e9rdek\u00e9ben. Az egri Markhot Ferenc k\u00f3rh\u00e1zban \u00fagynevezett k\u00f3rh\u00e1z-z\u00e1rat hirdettek, csak a s\u00falyos betegeket tudj\u00e1k ell\u00e1tni. <\/p>\n<p>RTL.huNo Description<\/p>\n<p>ATV.huAz ATV [&#8230;]<\/p>\n","protected":false},"author":4,"featured_media":0,"comment_status":"open","ping_status":"closed","sticky":false,"template":"","format":"standard","meta":{"footnotes":""},"categories":[6,19,5],"tags":[1279,820,713,650,1535,1895,3459],"class_list":["post-21562","post","type-post","status-publish","format-standard","hentry","category-belfold","category-egeszseg","category-kek-hirek","tag-beteg","tag-ellatas","tag-korhaz","tag-kozlekedes","tag-orvos","tag-virus","tag-zar"],"_links":{"self":[{"href":"https:\/\/www.agriatv.hu\/index.php?rest_route=\/wp\/v2\/posts\/21562","targetHints":{"allow":["GET"]}}],"collection":[{"href":"https:\/\/www.agriatv.hu\/index.php?rest_route=\/wp\/v2\/posts"}],"about":[{"href":"https:\/\/www.agriatv.hu\/index.php?rest_route=\/wp\/v2\/types\/post"}],"author":[{"embeddable":true,"href":"https:\/\/www.agriatv.hu\/index.php?rest_route=\/wp\/v2\/users\/4"}],"replies":[{"embeddable":true,"href":"https:\/\/www.agriatv.hu\/index.php?rest_route=%2Fwp%2Fv2%2Fcomments&post=21562"}],"version-history":[{"count":2,"href":"https:\/\/www.agriatv.hu\/index.php?rest_route=\/wp\/v2\/posts\/21562\/revisions"}],"predecessor-version":[{"id":21572,"href":"https:\/\/www.agriatv.hu\/index.php?rest_route=\/wp\/v2\/posts\/21562\/revisions\/21572"}],"wp:attachment":[{"href":"https:\/\/www.agriatv.hu\/index.php?rest_route=%2Fwp%2Fv2%2Fmedia&parent=21562"}],"wp:term":[{"taxonomy":"category","embeddable":true,"href":"https:\/\/www.agriatv.hu\/index.php?rest_route=%2Fwp%2Fv2%2Fcategories&post=21562"},{"taxonomy":"post_tag","embeddable":true,"href":"https:\/\/www.agriatv.hu\/index.php?rest_route=%2Fwp%2Fv2%2Ftags&post=21562"}],"curies":[{"name":"wp","href":"https:\/\/api.w.org\/{rel}","templated":true}]}}