{"id":21589,"date":"2020-03-23T19:35:51","date_gmt":"2020-03-23T19:35:51","guid":{"rendered":"http:\/\/www.agriatv.hu\/?p=21589"},"modified":"2020-03-23T19:35:52","modified_gmt":"2020-03-23T19:35:52","slug":"betort-a-hideg-sokan-megbetegednek","status":"publish","type":"post","link":"https:\/\/www.agriatv.hu\/?p=21589","title":{"rendered":"Bet\u00f6rt a hideg, sokan megbetegednek"},"content":{"rendered":"\n<div class=\"wp-block-image\"><figure class=\"alignleft size-large is-resized\"><img loading=\"lazy\" decoding=\"async\" src=\"https:\/\/www.agriatv.hu\/wp-content\/uploads\/2020\/03\/713429.325x183.jpg\" alt=\"\" class=\"wp-image-21590\" width=\"195\" height=\"110\" srcset=\"https:\/\/www.agriatv.hu\/wp-content\/uploads\/2020\/03\/713429.325x183.jpg 325w, https:\/\/www.agriatv.hu\/wp-content\/uploads\/2020\/03\/713429.325x183-300x169.jpg 300w\" sizes=\"auto, (max-width: 195px) 100vw, 195px\" \/><\/figure><\/div>\n\n\n\n<p> \u00dajra itt a t\u00e9l, egyre t\u00f6bben keresik fel az orvosukat a koronav\u00edrushoz hasonl\u00f3 t\u00fcnetekkel. Ugyanis a hideg miatt gyeng\u00fcl az immunrendszer, gyakoribb lesz a megf\u00e1z\u00e1s, r\u00e1ad\u00e1sul t\u00f6bben m\u00e9g mindig influenz\u00e1sak, k\u00f6zben itt az allergiaszezon \u00e9s tombol a vil\u00e1gj\u00e1rv\u00e1ny. Fontos hangs\u00falyozni, hogy a tart\u00f3san magas l\u00e1z, a sz\u00e1raz, k\u00ednz\u00f3 k\u00f6h\u00f6g\u00e9s, a neh\u00e9zl\u00e9gz\u00e9s \u00e9s a l\u00e9gszomj gyan\u00fara adhat okot. S\u0151t, \u00fajabban a hasmen\u00e9s \u00e9s a h\u00e1ny\u00e1s is a vezet\u0151 t\u00fcnetek k\u00f6z\u00e9 ker\u00fclt. <\/p>\n\n\n\n<iframe loading=\"lazy\" allowfullscreen=\"yes\" width=\"640\" height=\"360\" src=\"\/\/tenyek.hu\/neoplayer\/tv2\/embed\/326351_betort-a-hideg-sokan-megbetegedn.html\" frameborder=\"0\" scrolling=\"no\"><\/iframe>\n","protected":false},"excerpt":{"rendered":"<p> \u00dajra itt a t\u00e9l, egyre t\u00f6bben keresik fel az orvosukat a koronav\u00edrushoz hasonl\u00f3 t\u00fcnetekkel. Ugyanis a hideg miatt gyeng\u00fcl az immunrendszer, gyakoribb lesz a megf\u00e1z\u00e1s, r\u00e1ad\u00e1sul t\u00f6bben m\u00e9g mindig influenz\u00e1sak, k\u00f6zben itt az allergiaszezon \u00e9s tombol a vil\u00e1gj\u00e1rv\u00e1ny. Fontos hangs\u00falyozni, hogy a tart\u00f3san magas l\u00e1z, a sz\u00e1raz, k\u00ednz\u00f3 k\u00f6h\u00f6g\u00e9s, a neh\u00e9zl\u00e9gz\u00e9s \u00e9s a l\u00e9gszomj [&#8230;]<\/p>\n","protected":false},"author":4,"featured_media":0,"comment_status":"open","ping_status":"closed","sticky":false,"template":"","format":"standard","meta":{"footnotes":""},"categories":[6,19,4],"tags":[892,872,1932,2677,2783,1535,1895],"class_list":["post-21589","post","type-post","status-publish","format-standard","hentry","category-belfold","category-egeszseg","category-szabadido","tag-hideg","tag-ho","tag-influenza","tag-laz","tag-megfazas","tag-orvos","tag-virus"],"_links":{"self":[{"href":"https:\/\/www.agriatv.hu\/index.php?rest_route=\/wp\/v2\/posts\/21589","targetHints":{"allow":["GET"]}}],"collection":[{"href":"https:\/\/www.agriatv.hu\/index.php?rest_route=\/wp\/v2\/posts"}],"about":[{"href":"https:\/\/www.agriatv.hu\/index.php?rest_route=\/wp\/v2\/types\/post"}],"author":[{"embeddable":true,"href":"https:\/\/www.agriatv.hu\/index.php?rest_route=\/wp\/v2\/users\/4"}],"replies":[{"embeddable":true,"href":"https:\/\/www.agriatv.hu\/index.php?rest_route=%2Fwp%2Fv2%2Fcomments&post=21589"}],"version-history":[{"count":1,"href":"https:\/\/www.agriatv.hu\/index.php?rest_route=\/wp\/v2\/posts\/21589\/revisions"}],"predecessor-version":[{"id":21591,"href":"https:\/\/www.agriatv.hu\/index.php?rest_route=\/wp\/v2\/posts\/21589\/revisions\/21591"}],"wp:attachment":[{"href":"https:\/\/www.agriatv.hu\/index.php?rest_route=%2Fwp%2Fv2%2Fmedia&parent=21589"}],"wp:term":[{"taxonomy":"category","embeddable":true,"href":"https:\/\/www.agriatv.hu\/index.php?rest_route=%2Fwp%2Fv2%2Fcategories&post=21589"},{"taxonomy":"post_tag","embeddable":true,"href":"https:\/\/www.agriatv.hu\/index.php?rest_route=%2Fwp%2Fv2%2Ftags&post=21589"}],"curies":[{"name":"wp","href":"https:\/\/api.w.org\/{rel}","templated":true}]}}