{"id":21592,"date":"2020-03-25T09:08:19","date_gmt":"2020-03-25T09:08:19","guid":{"rendered":"http:\/\/www.agriatv.hu\/?p=21592"},"modified":"2020-03-25T09:08:25","modified_gmt":"2020-03-25T09:08:25","slug":"video-kigyulladt-egy-haz-egerben-2","status":"publish","type":"post","link":"https:\/\/www.agriatv.hu\/?p=21592","title":{"rendered":"Vide\u00f3: kigyulladt egy h\u00e1z Egerben"},"content":{"rendered":"\n<div class=\"wp-block-image\"><figure class=\"alignleft size-large is-resized\"><img loading=\"lazy\" decoding=\"async\" src=\"https:\/\/www.agriatv.hu\/wp-content\/uploads\/2020\/03\/f-4-1024x576.jpg\" alt=\"\" class=\"wp-image-21593\" width=\"171\" height=\"96\" srcset=\"https:\/\/www.agriatv.hu\/wp-content\/uploads\/2020\/03\/f-4-1024x576.jpg 1024w, https:\/\/www.agriatv.hu\/wp-content\/uploads\/2020\/03\/f-4-300x169.jpg 300w, https:\/\/www.agriatv.hu\/wp-content\/uploads\/2020\/03\/f-4-768x432.jpg 768w, https:\/\/www.agriatv.hu\/wp-content\/uploads\/2020\/03\/f-4-1536x864.jpg 1536w, https:\/\/www.agriatv.hu\/wp-content\/uploads\/2020\/03\/f-4.jpg 1920w\" sizes=\"auto, (max-width: 171px) 100vw, 171px\" \/><\/figure><\/div>\n\n\n\n<p> <strong>Az egri hivat\u00e1sos t\u0171zolt\u00f3k ki\u00e9rkeztek a helysz\u00ednre.<\/strong><\/p>\n\n\n\n<p> Kigyulladt egy h\u00e1z tet\u0151szerkezete Egerben, a R\u00f3zs\u00e1sd\u0171l\u0151 utc\u00e1ban szerda reggel. A helysz\u00ednre h\u00e1rom g\u00e9pj\u00e1rm\u0171vel az egri hivat\u00e1sos t\u0171zolt\u00f3k \u00e9rkeztek ki, akik \u00f6t v\u00edzsug\u00e1rral oltott\u00e1k el a l\u00e1ngokat.<\/p>\n\n\n\n<p>\u00dagy tudjuk, a h\u00e1z fel\u00faj\u00edt\u00e1s alatt \u00e1llt, abban a t\u0171z keletkez\u00e9sekor nem tart\u00f3zkodott senki. A tulajdonos kamer\u00e1n k\u00edv\u00fcl elmondta: tegnap j\u00e1rtak ott utolj\u00e1ra, akkor a kandall\u00f3val f\u0171t\u00f6ttek, amikor elmentek m\u00e1r az sem \u00e9gett. Nem tudja, mi okozhatta a t\u00fczet, \u0151ket is csak telefonon \u00e9rtes\u00edtett\u00e9k a l\u00e1ngokr\u00f3l. A tet\u0151t bitumenes zsindely bor\u00edtotta.<\/p>\n\n\n\n<p>A t\u0171zben senki sem s\u00e9r\u00fclt meg.<\/p>\n\n\n\n<figure class=\"wp-block-embed-youtube wp-block-embed is-type-rich is-provider-youtube\"><div class=\"wp-block-embed__wrapper\">\n<blockquote class=\"embedly-card\" data-card-controls=\"1\" data-card-align=\"center\" data-card-theme=\"light\" data-card-key=\"bbb82e0305934450ba516e363ef455a7\"><h4><a href=\"https:\/\/youtu.be\/FBXOwH7UEkE\">No Title<\/a><\/h4><p>Kigyulladt egy h\u00e1z Egerben<\/p><\/blockquote><script async src=\"\/\/cdn.embedly.com\/widgets\/platform.js\" charset=\"UTF-8\"><\/script>\n<\/div><\/figure>\n","protected":false},"excerpt":{"rendered":"<p> Az egri hivat\u00e1sos t\u0171zolt\u00f3k ki\u00e9rkeztek a helysz\u00ednre.<\/p>\n<p> Kigyulladt egy h\u00e1z tet\u0151szerkezete Egerben, a R\u00f3zs\u00e1sd\u0171l\u0151 utc\u00e1ban szerda reggel. A helysz\u00ednre h\u00e1rom g\u00e9pj\u00e1rm\u0171vel az egri hivat\u00e1sos t\u0171zolt\u00f3k \u00e9rkeztek ki, akik \u00f6t v\u00edzsug\u00e1rral oltott\u00e1k el a l\u00e1ngokat.<\/p>\n<p>\u00dagy tudjuk, a h\u00e1z fel\u00faj\u00edt\u00e1s alatt \u00e1llt, abban a t\u0171z keletkez\u00e9sekor nem tart\u00f3zkodott senki. A tulajdonos kamer\u00e1n k\u00edv\u00fcl elmondta: tegnap j\u00e1rtak [&#8230;]<\/p>\n","protected":false},"author":4,"featured_media":0,"comment_status":"open","ping_status":"closed","sticky":false,"template":"","format":"standard","meta":{"footnotes":""},"categories":[5],"tags":[1342,484],"class_list":["post-21592","post","type-post","status-publish","format-standard","hentry","category-kek-hirek","tag-lang","tag-tuz"],"_links":{"self":[{"href":"https:\/\/www.agriatv.hu\/index.php?rest_route=\/wp\/v2\/posts\/21592","targetHints":{"allow":["GET"]}}],"collection":[{"href":"https:\/\/www.agriatv.hu\/index.php?rest_route=\/wp\/v2\/posts"}],"about":[{"href":"https:\/\/www.agriatv.hu\/index.php?rest_route=\/wp\/v2\/types\/post"}],"author":[{"embeddable":true,"href":"https:\/\/www.agriatv.hu\/index.php?rest_route=\/wp\/v2\/users\/4"}],"replies":[{"embeddable":true,"href":"https:\/\/www.agriatv.hu\/index.php?rest_route=%2Fwp%2Fv2%2Fcomments&post=21592"}],"version-history":[{"count":1,"href":"https:\/\/www.agriatv.hu\/index.php?rest_route=\/wp\/v2\/posts\/21592\/revisions"}],"predecessor-version":[{"id":21594,"href":"https:\/\/www.agriatv.hu\/index.php?rest_route=\/wp\/v2\/posts\/21592\/revisions\/21594"}],"wp:attachment":[{"href":"https:\/\/www.agriatv.hu\/index.php?rest_route=%2Fwp%2Fv2%2Fmedia&parent=21592"}],"wp:term":[{"taxonomy":"category","embeddable":true,"href":"https:\/\/www.agriatv.hu\/index.php?rest_route=%2Fwp%2Fv2%2Fcategories&post=21592"},{"taxonomy":"post_tag","embeddable":true,"href":"https:\/\/www.agriatv.hu\/index.php?rest_route=%2Fwp%2Fv2%2Ftags&post=21592"}],"curies":[{"name":"wp","href":"https:\/\/api.w.org\/{rel}","templated":true}]}}