{"id":21661,"date":"2020-04-21T17:43:45","date_gmt":"2020-04-21T17:43:45","guid":{"rendered":"http:\/\/www.agriatv.hu\/?p=21661"},"modified":"2020-04-21T17:43:46","modified_gmt":"2020-04-21T17:43:46","slug":"maszkokat-es-fertotlenitot-vittek","status":"publish","type":"post","link":"https:\/\/www.agriatv.hu\/?p=21661","title":{"rendered":"Maszkokat \u00e9s fert\u0151tlen\u00edt\u0151t vittek"},"content":{"rendered":"\n<div class=\"wp-block-image\"><figure class=\"alignleft size-large is-resized\"><img loading=\"lazy\" decoding=\"async\" src=\"https:\/\/www.agriatv.hu\/wp-content\/uploads\/2020\/04\/84091320.325x183.jpg\" alt=\"\" class=\"wp-image-21662\" width=\"209\" height=\"118\" srcset=\"https:\/\/www.agriatv.hu\/wp-content\/uploads\/2020\/04\/84091320.325x183.jpg 325w, https:\/\/www.agriatv.hu\/wp-content\/uploads\/2020\/04\/84091320.325x183-300x169.jpg 300w\" sizes=\"auto, (max-width: 209px) 100vw, 209px\" \/><\/figure><\/div>\n\n\n\n<p>1500 sz\u00e1jmaszkot \u00e9s t\u00f6bb flakon k\u00e9zfert\u0151tlen\u00edt\u0151t vittek egri v\u00e1llalkoz\u00f3k id\u0151s otthonoknak \u00e9s iskol\u00e1knak. K\u00f6z\u00f6sen vett\u00e9k a v\u00e9d\u0151felszerel\u00e9seket, hogy seg\u00edts\u00e9k az int\u00e9zm\u00e9nyeket a koronav\u00edrus elleni harcban. Abba a Berva-v\u00f6lgyi Otthonba is vittek felszerel\u00e9st, ahol n\u00e9gy embernek, egy dolgoz\u00f3nak \u00e9s h\u00e1rom bent lak\u00f3nak is pozit\u00edv lett a v\u00edrus gyorstesztje.<\/p>\n\n\n\n<figure><iframe loading=\"lazy\" allowfullscreen=\"yes\" width=\"640\" height=\"360\" src=\"\/\/tenyek.hu\/neoplayer\/tv2\/embed\/329951_maszkokat-es-fertotlenitot-vittek.html\"><\/iframe><\/figure>\n","protected":false},"excerpt":{"rendered":"<p>1500 sz\u00e1jmaszkot \u00e9s t\u00f6bb flakon k\u00e9zfert\u0151tlen\u00edt\u0151t vittek egri v\u00e1llalkoz\u00f3k id\u0151s otthonoknak \u00e9s iskol\u00e1knak. K\u00f6z\u00f6sen vett\u00e9k a v\u00e9d\u0151felszerel\u00e9seket, hogy seg\u00edts\u00e9k az int\u00e9zm\u00e9nyeket a koronav\u00edrus elleni harcban. Abba a Berva-v\u00f6lgyi Otthonba is vittek felszerel\u00e9st, ahol n\u00e9gy embernek, egy dolgoz\u00f3nak \u00e9s h\u00e1rom bent lak\u00f3nak is pozit\u00edv lett a v\u00edrus gyorstesztje.<\/p>\n","protected":false},"author":4,"featured_media":0,"comment_status":"open","ping_status":"closed","sticky":false,"template":"","format":"standard","meta":{"footnotes":""},"categories":[6,19],"tags":[36,143,2633,1895],"class_list":["post-21661","post","type-post","status-publish","format-standard","hentry","category-belfold","category-egeszseg","tag-eger","tag-egeszseg-2","tag-teszt","tag-virus"],"_links":{"self":[{"href":"https:\/\/www.agriatv.hu\/index.php?rest_route=\/wp\/v2\/posts\/21661","targetHints":{"allow":["GET"]}}],"collection":[{"href":"https:\/\/www.agriatv.hu\/index.php?rest_route=\/wp\/v2\/posts"}],"about":[{"href":"https:\/\/www.agriatv.hu\/index.php?rest_route=\/wp\/v2\/types\/post"}],"author":[{"embeddable":true,"href":"https:\/\/www.agriatv.hu\/index.php?rest_route=\/wp\/v2\/users\/4"}],"replies":[{"embeddable":true,"href":"https:\/\/www.agriatv.hu\/index.php?rest_route=%2Fwp%2Fv2%2Fcomments&post=21661"}],"version-history":[{"count":1,"href":"https:\/\/www.agriatv.hu\/index.php?rest_route=\/wp\/v2\/posts\/21661\/revisions"}],"predecessor-version":[{"id":21663,"href":"https:\/\/www.agriatv.hu\/index.php?rest_route=\/wp\/v2\/posts\/21661\/revisions\/21663"}],"wp:attachment":[{"href":"https:\/\/www.agriatv.hu\/index.php?rest_route=%2Fwp%2Fv2%2Fmedia&parent=21661"}],"wp:term":[{"taxonomy":"category","embeddable":true,"href":"https:\/\/www.agriatv.hu\/index.php?rest_route=%2Fwp%2Fv2%2Fcategories&post=21661"},{"taxonomy":"post_tag","embeddable":true,"href":"https:\/\/www.agriatv.hu\/index.php?rest_route=%2Fwp%2Fv2%2Ftags&post=21661"}],"curies":[{"name":"wp","href":"https:\/\/api.w.org\/{rel}","templated":true}]}}