{"id":21670,"date":"2020-04-29T17:35:39","date_gmt":"2020-04-29T17:35:39","guid":{"rendered":"http:\/\/www.agriatv.hu\/?p=21670"},"modified":"2020-04-29T17:35:40","modified_gmt":"2020-04-29T17:35:40","slug":"hetfon-indul-az-erettsegi","status":"publish","type":"post","link":"https:\/\/www.agriatv.hu\/?p=21670","title":{"rendered":"H\u00e9tf\u0151n indul az \u00e9retts\u00e9gi"},"content":{"rendered":"\n<div class=\"wp-block-image\"><figure class=\"alignleft size-large is-resized\"><img loading=\"lazy\" decoding=\"async\" src=\"https:\/\/www.agriatv.hu\/wp-content\/uploads\/2020\/04\/3449535.325x183.jpg\" alt=\"\" class=\"wp-image-21671\" width=\"181\" height=\"102\" srcset=\"https:\/\/www.agriatv.hu\/wp-content\/uploads\/2020\/04\/3449535.325x183.jpg 325w, https:\/\/www.agriatv.hu\/wp-content\/uploads\/2020\/04\/3449535.325x183-300x169.jpg 300w\" sizes=\"auto, (max-width: 181px) 100vw, 181px\" \/><\/figure><\/div>\n\n\n\n<p>Most m\u00e1r biztos, hogy h\u00e9tf\u0151t\u0151l elkezd\u0151dnek az \u00e9retts\u00e9gi vizsg\u00e1k. Az els\u0151 h\u00e9ten 9 \u00f3rakor kezdenek a di\u00e1kok. N\u00e9h\u00e1ny t\u00e1rgy kiv\u00e9tel\u00e9vel csak \u00edr\u00e1sbeliket tartanak. Valamennyi vizsg\u00e1z\u00f3nak maszkot, a tan\u00e1roknak pedig keszty\u0171t is biztos\u00edtanak. Az \u00e9p\u00fcletekben folyamatosan fert\u0151tlen\u00edtenek majd. A vizsga nem k\u00f6telez\u0151, a di\u00e1k az utols\u00f3 pillanatban is meggondolhatja mag\u00e1t.<\/p>\n\n\n\n<figure><iframe loading=\"lazy\" allowfullscreen=\"yes\" width=\"640\" height=\"360\" src=\"\/\/tenyek.hu\/neoplayer\/tv2\/embed\/330967_hetfon-indul-az-erettsegi.html\"><\/iframe><\/figure>\n","protected":false},"excerpt":{"rendered":"<p>Most m\u00e1r biztos, hogy h\u00e9tf\u0151t\u0151l elkezd\u0151dnek az \u00e9retts\u00e9gi vizsg\u00e1k. Az els\u0151 h\u00e9ten 9 \u00f3rakor kezdenek a di\u00e1kok. N\u00e9h\u00e1ny t\u00e1rgy kiv\u00e9tel\u00e9vel csak \u00edr\u00e1sbeliket tartanak. Valamennyi vizsg\u00e1z\u00f3nak maszkot, a tan\u00e1roknak pedig keszty\u0171t is biztos\u00edtanak. Az \u00e9p\u00fcletekben folyamatosan fert\u0151tlen\u00edtenek majd. A vizsga nem k\u00f6telez\u0151, a di\u00e1k az utols\u00f3 pillanatban is meggondolhatja mag\u00e1t.<\/p>\n","protected":false},"author":4,"featured_media":0,"comment_status":"open","ping_status":"closed","sticky":false,"template":"","format":"standard","meta":{"footnotes":""},"categories":[6,9],"tags":[1075,133,3475,1595,1895],"class_list":["post-21670","post","type-post","status-publish","format-standard","hentry","category-belfold","category-oktatas","tag-erettsegi","tag-iskola","tag-kesztyu","tag-maszk","tag-virus"],"_links":{"self":[{"href":"https:\/\/www.agriatv.hu\/index.php?rest_route=\/wp\/v2\/posts\/21670","targetHints":{"allow":["GET"]}}],"collection":[{"href":"https:\/\/www.agriatv.hu\/index.php?rest_route=\/wp\/v2\/posts"}],"about":[{"href":"https:\/\/www.agriatv.hu\/index.php?rest_route=\/wp\/v2\/types\/post"}],"author":[{"embeddable":true,"href":"https:\/\/www.agriatv.hu\/index.php?rest_route=\/wp\/v2\/users\/4"}],"replies":[{"embeddable":true,"href":"https:\/\/www.agriatv.hu\/index.php?rest_route=%2Fwp%2Fv2%2Fcomments&post=21670"}],"version-history":[{"count":1,"href":"https:\/\/www.agriatv.hu\/index.php?rest_route=\/wp\/v2\/posts\/21670\/revisions"}],"predecessor-version":[{"id":21672,"href":"https:\/\/www.agriatv.hu\/index.php?rest_route=\/wp\/v2\/posts\/21670\/revisions\/21672"}],"wp:attachment":[{"href":"https:\/\/www.agriatv.hu\/index.php?rest_route=%2Fwp%2Fv2%2Fmedia&parent=21670"}],"wp:term":[{"taxonomy":"category","embeddable":true,"href":"https:\/\/www.agriatv.hu\/index.php?rest_route=%2Fwp%2Fv2%2Fcategories&post=21670"},{"taxonomy":"post_tag","embeddable":true,"href":"https:\/\/www.agriatv.hu\/index.php?rest_route=%2Fwp%2Fv2%2Ftags&post=21670"}],"curies":[{"name":"wp","href":"https:\/\/api.w.org\/{rel}","templated":true}]}}