{"id":21768,"date":"2020-05-19T18:03:42","date_gmt":"2020-05-19T18:03:42","guid":{"rendered":"http:\/\/www.agriatv.hu\/?p=21768"},"modified":"2020-05-19T18:03:43","modified_gmt":"2020-05-19T18:03:43","slug":"nem-nyilt-ki-a-langolo-busz-ajtaja","status":"publish","type":"post","link":"https:\/\/www.agriatv.hu\/?p=21768","title":{"rendered":"Nem ny\u00edlt ki a l\u00e1ngol\u00f3 busz ajtaja"},"content":{"rendered":"\n<div class=\"wp-block-image\"><figure class=\"alignleft size-large is-resized\"><img loading=\"lazy\" decoding=\"async\" src=\"https:\/\/www.agriatv.hu\/wp-content\/uploads\/2020\/05\/73892916.325x183.jpg\" alt=\"\" class=\"wp-image-21769\" width=\"222\" height=\"125\" srcset=\"https:\/\/www.agriatv.hu\/wp-content\/uploads\/2020\/05\/73892916.325x183.jpg 325w, https:\/\/www.agriatv.hu\/wp-content\/uploads\/2020\/05\/73892916.325x183-300x169.jpg 300w\" sizes=\"auto, (max-width: 222px) 100vw, 222px\" \/><\/figure><\/div>\n\n\n\n<p>Egy aut\u00f3s vette \u00e9szre, hogy \u00e9g az el\u0151tte halad\u00f3 busz. A f\u00e9rfi sz\u00f3lt a k\u00f6vetkez\u0151 meg\u00e1ll\u00f3ban a sof\u0151rnek. A busz ajtaja nem ny\u00edlt ki, \u00fagy kellett kifesz\u00edteni. Mire a t\u0171zolt\u00f3k ki\u00e9rtek, m\u00e1r teljesen le\u00e9gett a busz h\u00e1tulja. Els\u0151k\u00e9nt egy \u00f6nk\u00e9ntes t\u0171zolt\u00f3 \u00e9rt a l\u00e1ngol\u00f3 buszhoz. Azt mondta a T\u00e9nyeknek, akkorra m\u00e1r annyira intenz\u00edv volt a t\u0171z, hogy lass\u00edtani sem tudta a terjed\u00e9s\u00e9t.<\/p>\n\n\n\n<figure><iframe loading=\"lazy\" allowfullscreen=\"yes\" width=\"640\" height=\"360\" src=\"\/\/tenyek.hu\/neoplayer\/tv2\/embed\/333032_nem-nyilt-ki-a-langolo-busz-ajtaja.html\"><\/iframe><\/figure>\n","protected":false},"excerpt":{"rendered":"<p>Egy aut\u00f3s vette \u00e9szre, hogy \u00e9g az el\u0151tte halad\u00f3 busz. A f\u00e9rfi sz\u00f3lt a k\u00f6vetkez\u0151 meg\u00e1ll\u00f3ban a sof\u0151rnek. A busz ajtaja nem ny\u00edlt ki, \u00fagy kellett kifesz\u00edteni. Mire a t\u0171zolt\u00f3k ki\u00e9rtek, m\u00e1r teljesen le\u00e9gett a busz h\u00e1tulja. Els\u0151k\u00e9nt egy \u00f6nk\u00e9ntes t\u0171zolt\u00f3 \u00e9rt a l\u00e1ngol\u00f3 buszhoz. Azt mondta a T\u00e9nyeknek, akkorra m\u00e1r annyira intenz\u00edv volt a [&#8230;]<\/p>\n","protected":false},"author":4,"featured_media":0,"comment_status":"open","ping_status":"closed","sticky":false,"template":"","format":"standard","meta":{"footnotes":""},"categories":[6,5],"tags":[968,484,161,628],"class_list":["post-21768","post","type-post","status-publish","format-standard","hentry","category-belfold","category-kek-hirek","tag-busz","tag-tuz","tag-tuzolto","tag-utas"],"_links":{"self":[{"href":"https:\/\/www.agriatv.hu\/index.php?rest_route=\/wp\/v2\/posts\/21768","targetHints":{"allow":["GET"]}}],"collection":[{"href":"https:\/\/www.agriatv.hu\/index.php?rest_route=\/wp\/v2\/posts"}],"about":[{"href":"https:\/\/www.agriatv.hu\/index.php?rest_route=\/wp\/v2\/types\/post"}],"author":[{"embeddable":true,"href":"https:\/\/www.agriatv.hu\/index.php?rest_route=\/wp\/v2\/users\/4"}],"replies":[{"embeddable":true,"href":"https:\/\/www.agriatv.hu\/index.php?rest_route=%2Fwp%2Fv2%2Fcomments&post=21768"}],"version-history":[{"count":1,"href":"https:\/\/www.agriatv.hu\/index.php?rest_route=\/wp\/v2\/posts\/21768\/revisions"}],"predecessor-version":[{"id":21770,"href":"https:\/\/www.agriatv.hu\/index.php?rest_route=\/wp\/v2\/posts\/21768\/revisions\/21770"}],"wp:attachment":[{"href":"https:\/\/www.agriatv.hu\/index.php?rest_route=%2Fwp%2Fv2%2Fmedia&parent=21768"}],"wp:term":[{"taxonomy":"category","embeddable":true,"href":"https:\/\/www.agriatv.hu\/index.php?rest_route=%2Fwp%2Fv2%2Fcategories&post=21768"},{"taxonomy":"post_tag","embeddable":true,"href":"https:\/\/www.agriatv.hu\/index.php?rest_route=%2Fwp%2Fv2%2Ftags&post=21768"}],"curies":[{"name":"wp","href":"https:\/\/api.w.org\/{rel}","templated":true}]}}