{"id":21812,"date":"2020-06-03T19:40:35","date_gmt":"2020-06-03T19:40:35","guid":{"rendered":"http:\/\/www.agriatv.hu\/?p=21812"},"modified":"2020-06-03T19:40:39","modified_gmt":"2020-06-03T19:40:39","slug":"kisiklott-a-vonat-hatvanban","status":"publish","type":"post","link":"https:\/\/www.agriatv.hu\/?p=21812","title":{"rendered":"Kisiklott a vonat Hatvanban"},"content":{"rendered":"\n<div class=\"wp-block-image\"><figure class=\"alignleft size-large is-resized\"><img loading=\"lazy\" decoding=\"async\" src=\"https:\/\/www.agriatv.hu\/wp-content\/uploads\/2020\/06\/51840083.325x183.jpg\" alt=\"\" class=\"wp-image-21813\" width=\"162\" height=\"91\" srcset=\"https:\/\/www.agriatv.hu\/wp-content\/uploads\/2020\/06\/51840083.325x183.jpg 325w, https:\/\/www.agriatv.hu\/wp-content\/uploads\/2020\/06\/51840083.325x183-300x169.jpg 300w\" sizes=\"auto, (max-width: 162px) 100vw, 162px\" \/><\/figure><\/div>\n\n\n\n<p>Kisiklott egy tehervonat\u00e1nak egyik kocsija Hatvanban. A szerelv\u00e9ny t\u00f6bb mint 100 m\u00e9tert cs\u00faszott, majd keresztbe fordult. Err\u0151l vide\u00f3 is k\u00e9sz\u00fclt. A kisiklott vonat elz\u00e1rta a Miskolc fel\u00e9 vezet\u0151 utat, ez pedig fennakad\u00e1sokat okozott a k\u00f6zleked\u00e9sben. Nehez\u00edtette az emberek tov\u00e1bbsz\u00e1ll\u00edt\u00e1s\u00e1t, hogy egy ideig p\u00f3tl\u00f3buszok sem j\u00e1rtak.<\/p>\n\n\n\n<figure><iframe loading=\"lazy\" allowfullscreen=\"yes\" width=\"640\" height=\"360\" src=\"\/\/tenyek.hu\/neoplayer\/tv2\/embed\/334590_kisiklott-a-vonat-hatvanban.html\"><\/iframe><\/figure>\n\n\n\n<figure class=\"wp-block-embed is-type-rich is-provider-rtl\"><div class=\"wp-block-embed__wrapper\">\n<blockquote class=\"embedly-card\" data-card-controls=\"1\" data-card-align=\"center\" data-card-theme=\"light\" data-card-key=\"bbb82e0305934450ba516e363ef455a7\"><h4><a href=\"https:\/\/rtl.hu\/rtlklub\/hirek\/kisiklott-a-tehervonat-kocsija\">RTL.hu<\/a><\/h4><p>No Description<\/p><\/blockquote><script async src=\"\/\/cdn.embedly.com\/widgets\/platform.js\" charset=\"UTF-8\"><\/script>\n<\/div><\/figure>\n","protected":false},"excerpt":{"rendered":"<p>Kisiklott egy tehervonat\u00e1nak egyik kocsija Hatvanban. A szerelv\u00e9ny t\u00f6bb mint 100 m\u00e9tert cs\u00faszott, majd keresztbe fordult. Err\u0151l vide\u00f3 is k\u00e9sz\u00fclt. A kisiklott vonat elz\u00e1rta a Miskolc fel\u00e9 vezet\u0151 utat, ez pedig fennakad\u00e1sokat okozott a k\u00f6zleked\u00e9sben. Nehez\u00edtette az emberek tov\u00e1bbsz\u00e1ll\u00edt\u00e1s\u00e1t, hogy egy ideig p\u00f3tl\u00f3buszok sem j\u00e1rtak.<\/p>\n<p>RTL.huNo Description<\/p>\n","protected":false},"author":4,"featured_media":0,"comment_status":"open","ping_status":"closed","sticky":false,"template":"","format":"standard","meta":{"footnotes":""},"categories":[6,5],"tags":[236,1167,3502,2041,1037],"class_list":["post-21812","post","type-post","status-publish","format-standard","hentry","category-belfold","category-kek-hirek","tag-hatvan","tag-javitas","tag-kisiklott","tag-sin","tag-vonat"],"_links":{"self":[{"href":"https:\/\/www.agriatv.hu\/index.php?rest_route=\/wp\/v2\/posts\/21812","targetHints":{"allow":["GET"]}}],"collection":[{"href":"https:\/\/www.agriatv.hu\/index.php?rest_route=\/wp\/v2\/posts"}],"about":[{"href":"https:\/\/www.agriatv.hu\/index.php?rest_route=\/wp\/v2\/types\/post"}],"author":[{"embeddable":true,"href":"https:\/\/www.agriatv.hu\/index.php?rest_route=\/wp\/v2\/users\/4"}],"replies":[{"embeddable":true,"href":"https:\/\/www.agriatv.hu\/index.php?rest_route=%2Fwp%2Fv2%2Fcomments&post=21812"}],"version-history":[{"count":1,"href":"https:\/\/www.agriatv.hu\/index.php?rest_route=\/wp\/v2\/posts\/21812\/revisions"}],"predecessor-version":[{"id":21814,"href":"https:\/\/www.agriatv.hu\/index.php?rest_route=\/wp\/v2\/posts\/21812\/revisions\/21814"}],"wp:attachment":[{"href":"https:\/\/www.agriatv.hu\/index.php?rest_route=%2Fwp%2Fv2%2Fmedia&parent=21812"}],"wp:term":[{"taxonomy":"category","embeddable":true,"href":"https:\/\/www.agriatv.hu\/index.php?rest_route=%2Fwp%2Fv2%2Fcategories&post=21812"},{"taxonomy":"post_tag","embeddable":true,"href":"https:\/\/www.agriatv.hu\/index.php?rest_route=%2Fwp%2Fv2%2Ftags&post=21812"}],"curies":[{"name":"wp","href":"https:\/\/api.w.org\/{rel}","templated":true}]}}