{"id":21816,"date":"2020-06-03T19:45:37","date_gmt":"2020-06-03T19:45:37","guid":{"rendered":"http:\/\/www.agriatv.hu\/?p=21816"},"modified":"2020-06-03T19:45:38","modified_gmt":"2020-06-03T19:45:38","slug":"orvosai-szerint-csoda-hogy-gyogyul","status":"publish","type":"post","link":"https:\/\/www.agriatv.hu\/?p=21816","title":{"rendered":"Orvosai szerint csoda, hogy gy\u00f3gyul"},"content":{"rendered":"\n<div class=\"wp-block-image\"><figure class=\"alignleft size-large is-resized\"><img loading=\"lazy\" decoding=\"async\" src=\"https:\/\/www.agriatv.hu\/wp-content\/uploads\/2020\/06\/7369764.325x183.jpg\" alt=\"\" class=\"wp-image-21817\" width=\"159\" height=\"90\" srcset=\"https:\/\/www.agriatv.hu\/wp-content\/uploads\/2020\/06\/7369764.325x183.jpg 325w, https:\/\/www.agriatv.hu\/wp-content\/uploads\/2020\/06\/7369764.325x183-300x169.jpg 300w\" sizes=\"auto, (max-width: 159px) 100vw, 159px\" \/><\/figure><\/div>\n\n\n\n<p>A koronav\u00edrus miatt vesz\u00e9lybe ker\u00fclt egy k\u00e9t\u00e9ves, agydaganattal k\u00fczd\u0151 kisfi\u00fa. Marci N\u00e9metorsz\u00e1gba j\u00e1rt kezel\u00e9sre, \u00e1m a j\u00e1rv\u00e1ny k\u00f6zbesz\u00f3lt. Janu\u00e1rban kapott rem\u00e9nyt a gyerek, akkor ismerhett\u00e9k meg \u0151t \u00d6n\u00f6k is, \u00f6sszegy\u0171lt a k\u00f6lni mag\u00e1nklinika kezel\u00e9s\u00e9re 30 milli\u00f3 forint. Egy MR-felv\u00e9telen der\u00fclt ki, hogy a kisfi\u00fa fej\u00e9ben egy 7 \u00e9s f\u00e9l centis daganat van. A karant\u00e9n alatt nagyon vigy\u00e1ztak r\u00e1, az orvosai szerint a gyerek t\u00f6rt\u00e9nete maga a csoda: kiv\u00e1l\u00f3ak az eredm\u00e9nyei.<\/p>\n\n\n\n<figure><iframe loading=\"lazy\" allowfullscreen=\"yes\" width=\"640\" height=\"360\" src=\"\/\/tenyek.hu\/neoplayer\/tv2\/embed\/334605_orvosai-szerint-csoda-hogy-gyogyul.html\"><\/iframe><\/figure>\n","protected":false},"excerpt":{"rendered":"<p>A koronav\u00edrus miatt vesz\u00e9lybe ker\u00fclt egy k\u00e9t\u00e9ves, agydaganattal k\u00fczd\u0151 kisfi\u00fa. Marci N\u00e9metorsz\u00e1gba j\u00e1rt kezel\u00e9sre, \u00e1m a j\u00e1rv\u00e1ny k\u00f6zbesz\u00f3lt. Janu\u00e1rban kapott rem\u00e9nyt a gyerek, akkor ismerhett\u00e9k meg \u0151t \u00d6n\u00f6k is, \u00f6sszegy\u0171lt a k\u00f6lni mag\u00e1nklinika kezel\u00e9s\u00e9re 30 milli\u00f3 forint. Egy MR-felv\u00e9telen der\u00fclt ki, hogy a kisfi\u00fa fej\u00e9ben egy 7 \u00e9s f\u00e9l centis daganat van. A karant\u00e9n alatt [&#8230;]<\/p>\n","protected":false},"author":4,"featured_media":0,"comment_status":"open","ping_status":"closed","sticky":false,"template":"","format":"standard","meta":{"footnotes":""},"categories":[6,19],"tags":[1279,320,3503,1301,533],"class_list":["post-21816","post","type-post","status-publish","format-standard","hentry","category-belfold","category-egeszseg","tag-beteg","tag-gyermek","tag-gyogyulas","tag-kezeles","tag-recsk"],"_links":{"self":[{"href":"https:\/\/www.agriatv.hu\/index.php?rest_route=\/wp\/v2\/posts\/21816","targetHints":{"allow":["GET"]}}],"collection":[{"href":"https:\/\/www.agriatv.hu\/index.php?rest_route=\/wp\/v2\/posts"}],"about":[{"href":"https:\/\/www.agriatv.hu\/index.php?rest_route=\/wp\/v2\/types\/post"}],"author":[{"embeddable":true,"href":"https:\/\/www.agriatv.hu\/index.php?rest_route=\/wp\/v2\/users\/4"}],"replies":[{"embeddable":true,"href":"https:\/\/www.agriatv.hu\/index.php?rest_route=%2Fwp%2Fv2%2Fcomments&post=21816"}],"version-history":[{"count":1,"href":"https:\/\/www.agriatv.hu\/index.php?rest_route=\/wp\/v2\/posts\/21816\/revisions"}],"predecessor-version":[{"id":21818,"href":"https:\/\/www.agriatv.hu\/index.php?rest_route=\/wp\/v2\/posts\/21816\/revisions\/21818"}],"wp:attachment":[{"href":"https:\/\/www.agriatv.hu\/index.php?rest_route=%2Fwp%2Fv2%2Fmedia&parent=21816"}],"wp:term":[{"taxonomy":"category","embeddable":true,"href":"https:\/\/www.agriatv.hu\/index.php?rest_route=%2Fwp%2Fv2%2Fcategories&post=21816"},{"taxonomy":"post_tag","embeddable":true,"href":"https:\/\/www.agriatv.hu\/index.php?rest_route=%2Fwp%2Fv2%2Ftags&post=21816"}],"curies":[{"name":"wp","href":"https:\/\/api.w.org\/{rel}","templated":true}]}}