{"id":21824,"date":"2020-06-07T18:01:06","date_gmt":"2020-06-07T18:01:06","guid":{"rendered":"http:\/\/www.agriatv.hu\/?p=21824"},"modified":"2020-06-07T18:01:07","modified_gmt":"2020-06-07T18:01:07","slug":"70-ezer-mehtol-feltek-a-baleset-utan","status":"publish","type":"post","link":"https:\/\/www.agriatv.hu\/?p=21824","title":{"rendered":"70 ezer m\u00e9ht\u0151l f\u00e9ltek a baleset ut\u00e1n"},"content":{"rendered":"\n<div class=\"wp-block-image\"><figure class=\"alignleft size-large is-resized\"><img loading=\"lazy\" decoding=\"async\" src=\"https:\/\/www.agriatv.hu\/wp-content\/uploads\/2020\/06\/67465938.325x183.jpg\" alt=\"\" class=\"wp-image-21825\" width=\"175\" height=\"99\" srcset=\"https:\/\/www.agriatv.hu\/wp-content\/uploads\/2020\/06\/67465938.325x183.jpg 325w, https:\/\/www.agriatv.hu\/wp-content\/uploads\/2020\/06\/67465938.325x183-300x169.jpg 300w\" sizes=\"auto, (max-width: 175px) 100vw, 175px\" \/><\/figure><\/div>\n\n\n\n<p>Mint egy hatalmas felh\u0151, \u00fagy rajzott csaknem 70 ezer m\u00e9h Kiskunhalas k\u00f6zel\u00e9ben, miut\u00e1n felborult a kapt\u00e1rokat sz\u00e1ll\u00edt\u00f3 p\u00f3tkocsi. A m\u00e9hcsal\u00e1dokat m\u00e9h\u00e9szek vitt\u00e9k \u00faj, vir\u00e1gz\u00f3 ter\u00fcletekre, amikor a teheraut\u00f3 lecs\u00faszott az \u00fatr\u00f3l. A megzavart m\u00e9hek k\u00f6zel\u00e9be menni \u00e9letvesz\u00e9lyes is lehet, ez\u00e9rt a rend\u0151r\u00f6k az arra aut\u00f3z\u00f3kat megk\u00e9rt\u00e9k, hogy h\u00fazz\u00e1k fel az ablakokat, a motorosokat pedig m\u00e1sfel\u00e9 ir\u00e1ny\u00edtott\u00e1k.<\/p>\n\n\n\n<figure><iframe loading=\"lazy\" allowfullscreen=\"yes\" width=\"640\" height=\"360\" src=\"\/\/tenyek.hu\/neoplayer\/tv2\/embed\/334851_70-ezer-mehtol-feltek-a-baleset-.html\"><\/iframe><\/figure>\n","protected":false},"excerpt":{"rendered":"<p>Mint egy hatalmas felh\u0151, \u00fagy rajzott csaknem 70 ezer m\u00e9h Kiskunhalas k\u00f6zel\u00e9ben, miut\u00e1n felborult a kapt\u00e1rokat sz\u00e1ll\u00edt\u00f3 p\u00f3tkocsi. A m\u00e9hcsal\u00e1dokat m\u00e9h\u00e9szek vitt\u00e9k \u00faj, vir\u00e1gz\u00f3 ter\u00fcletekre, amikor a teheraut\u00f3 lecs\u00faszott az \u00fatr\u00f3l. A megzavart m\u00e9hek k\u00f6zel\u00e9be menni \u00e9letvesz\u00e9lyes is lehet, ez\u00e9rt a rend\u0151r\u00f6k az arra aut\u00f3z\u00f3kat megk\u00e9rt\u00e9k, hogy h\u00fazz\u00e1k fel az ablakokat, a motorosokat pedig m\u00e1sfel\u00e9 [&#8230;]<\/p>\n","protected":false},"author":4,"featured_media":0,"comment_status":"open","ping_status":"closed","sticky":false,"template":"","format":"standard","meta":{"footnotes":""},"categories":[6,5],"tags":[2024],"class_list":["post-21824","post","type-post","status-publish","format-standard","hentry","category-belfold","category-kek-hirek","tag-meh"],"_links":{"self":[{"href":"https:\/\/www.agriatv.hu\/index.php?rest_route=\/wp\/v2\/posts\/21824","targetHints":{"allow":["GET"]}}],"collection":[{"href":"https:\/\/www.agriatv.hu\/index.php?rest_route=\/wp\/v2\/posts"}],"about":[{"href":"https:\/\/www.agriatv.hu\/index.php?rest_route=\/wp\/v2\/types\/post"}],"author":[{"embeddable":true,"href":"https:\/\/www.agriatv.hu\/index.php?rest_route=\/wp\/v2\/users\/4"}],"replies":[{"embeddable":true,"href":"https:\/\/www.agriatv.hu\/index.php?rest_route=%2Fwp%2Fv2%2Fcomments&post=21824"}],"version-history":[{"count":1,"href":"https:\/\/www.agriatv.hu\/index.php?rest_route=\/wp\/v2\/posts\/21824\/revisions"}],"predecessor-version":[{"id":21826,"href":"https:\/\/www.agriatv.hu\/index.php?rest_route=\/wp\/v2\/posts\/21824\/revisions\/21826"}],"wp:attachment":[{"href":"https:\/\/www.agriatv.hu\/index.php?rest_route=%2Fwp%2Fv2%2Fmedia&parent=21824"}],"wp:term":[{"taxonomy":"category","embeddable":true,"href":"https:\/\/www.agriatv.hu\/index.php?rest_route=%2Fwp%2Fv2%2Fcategories&post=21824"},{"taxonomy":"post_tag","embeddable":true,"href":"https:\/\/www.agriatv.hu\/index.php?rest_route=%2Fwp%2Fv2%2Ftags&post=21824"}],"curies":[{"name":"wp","href":"https:\/\/api.w.org\/{rel}","templated":true}]}}