{"id":21877,"date":"2020-06-27T10:19:04","date_gmt":"2020-06-27T10:19:04","guid":{"rendered":"http:\/\/www.agriatv.hu\/?p=21877"},"modified":"2020-06-27T10:36:46","modified_gmt":"2020-06-27T10:36:46","slug":"vihar-csapott-le-szombaton-hajnalban-egerre-es-kornyekere","status":"publish","type":"post","link":"https:\/\/www.agriatv.hu\/?p=21877","title":{"rendered":"Vide\u00f3: vihar csapott le szombaton hajnalban Egerre \u00e9s k\u00f6rny\u00e9k\u00e9re"},"content":{"rendered":"\n<div class=\"wp-block-image\"><figure class=\"alignleft size-large is-resized\"><img loading=\"lazy\" decoding=\"async\" src=\"https:\/\/www.agriatv.hu\/wp-content\/uploads\/2020\/06\/f-1-1024x576.jpg\" alt=\"\" class=\"wp-image-21878\" width=\"185\" height=\"104\" srcset=\"https:\/\/www.agriatv.hu\/wp-content\/uploads\/2020\/06\/f-1-1024x576.jpg 1024w, https:\/\/www.agriatv.hu\/wp-content\/uploads\/2020\/06\/f-1-300x169.jpg 300w, https:\/\/www.agriatv.hu\/wp-content\/uploads\/2020\/06\/f-1-768x432.jpg 768w, https:\/\/www.agriatv.hu\/wp-content\/uploads\/2020\/06\/f-1-1536x864.jpg 1536w, https:\/\/www.agriatv.hu\/wp-content\/uploads\/2020\/06\/f-1.jpg 1920w\" sizes=\"auto, (max-width: 185px) 100vw, 185px\" \/><\/figure><\/div>\n\n\n\n<p>A p\u00e9ntek d\u00e9lut\u00e1ni, j\u00e9ggel k\u00eds\u00e9rt vihar ut\u00e1n szombaton hajnalban \u00fajabb vihar \u00e9rte el Egert \u00e9s k\u00f6rny\u00e9k\u00e9t. <\/p>\n\n\n\n<p>H\u00e1zakba t\u00f6rt be a v\u00edz Feln\u00e9meten, Egersz\u00f3l\u00e1ton. R\u00f6vid id\u0151re lez\u00e1rt\u00e1k a Szarvask\u0151 k\u00f6rny\u00e9ki utakat, az egri bicikliutat az \u00e1rad\u00e1s miatt.<\/p>\n\n\n\n<p>Egerben, a Szal\u00e1ban is hatalmas k\u00e1rokat okozott a ki\u00f6nt\u0151 patak: h\u00e1zakba t\u00f6rt be, kismalacokat ragadott mag\u00e1val.<\/p>\n\n\n\n<p>A t\u0171zolt\u00f3k t\u00f6bb tucat h\u00edv\u00e1st kaptak hajnal \u00f3ta.<\/p>\n\n\n\n<figure class=\"wp-block-embed-youtube wp-block-embed is-type-rich is-provider-youtube\"><div class=\"wp-block-embed__wrapper\">\n<blockquote class=\"embedly-card\" data-card-controls=\"1\" data-card-align=\"center\" data-card-theme=\"light\" data-card-key=\"bbb82e0305934450ba516e363ef455a7\"><h4><a href=\"https:\/\/youtu.be\/jPD4yqiJhh0\">200627vihar eger y<\/a><\/h4><p>Vihar csapott le szombaton hajnalban Egerre \u00e9s k\u00f6rny\u00e9k\u00e9re<\/p><\/blockquote><script async src=\"\/\/cdn.embedly.com\/widgets\/platform.js\" charset=\"UTF-8\"><\/script>\n<\/div><\/figure>\n","protected":false},"excerpt":{"rendered":"<p>A p\u00e9ntek d\u00e9lut\u00e1ni, j\u00e9ggel k\u00eds\u00e9rt vihar ut\u00e1n szombaton hajnalban \u00fajabb vihar \u00e9rte el Egert \u00e9s k\u00f6rny\u00e9k\u00e9t. <\/p>\n<p>H\u00e1zakba t\u00f6rt be a v\u00edz Feln\u00e9meten, Egersz\u00f3l\u00e1ton. R\u00f6vid id\u0151re lez\u00e1rt\u00e1k a Szarvask\u0151 k\u00f6rny\u00e9ki utakat, az egri bicikliutat az \u00e1rad\u00e1s miatt.<\/p>\n<p>Egerben, a Szal\u00e1ban is hatalmas k\u00e1rokat okozott a ki\u00f6nt\u0151 patak: h\u00e1zakba t\u00f6rt be, kismalacokat ragadott mag\u00e1val.<\/p>\n<p>A t\u0171zolt\u00f3k t\u00f6bb tucat h\u00edv\u00e1st [&#8230;]<\/p>\n","protected":false},"author":4,"featured_media":0,"comment_status":"open","ping_status":"closed","sticky":false,"template":"","format":"standard","meta":{"footnotes":""},"categories":[6,5,4],"tags":[1623,36,196],"class_list":["post-21877","post","type-post","status-publish","format-standard","hentry","category-belfold","category-kek-hirek","category-szabadido","tag-arviz","tag-eger","tag-kar"],"_links":{"self":[{"href":"https:\/\/www.agriatv.hu\/index.php?rest_route=\/wp\/v2\/posts\/21877","targetHints":{"allow":["GET"]}}],"collection":[{"href":"https:\/\/www.agriatv.hu\/index.php?rest_route=\/wp\/v2\/posts"}],"about":[{"href":"https:\/\/www.agriatv.hu\/index.php?rest_route=\/wp\/v2\/types\/post"}],"author":[{"embeddable":true,"href":"https:\/\/www.agriatv.hu\/index.php?rest_route=\/wp\/v2\/users\/4"}],"replies":[{"embeddable":true,"href":"https:\/\/www.agriatv.hu\/index.php?rest_route=%2Fwp%2Fv2%2Fcomments&post=21877"}],"version-history":[{"count":2,"href":"https:\/\/www.agriatv.hu\/index.php?rest_route=\/wp\/v2\/posts\/21877\/revisions"}],"predecessor-version":[{"id":21880,"href":"https:\/\/www.agriatv.hu\/index.php?rest_route=\/wp\/v2\/posts\/21877\/revisions\/21880"}],"wp:attachment":[{"href":"https:\/\/www.agriatv.hu\/index.php?rest_route=%2Fwp%2Fv2%2Fmedia&parent=21877"}],"wp:term":[{"taxonomy":"category","embeddable":true,"href":"https:\/\/www.agriatv.hu\/index.php?rest_route=%2Fwp%2Fv2%2Fcategories&post=21877"},{"taxonomy":"post_tag","embeddable":true,"href":"https:\/\/www.agriatv.hu\/index.php?rest_route=%2Fwp%2Fv2%2Ftags&post=21877"}],"curies":[{"name":"wp","href":"https:\/\/api.w.org\/{rel}","templated":true}]}}