{"id":21885,"date":"2020-06-27T19:08:44","date_gmt":"2020-06-27T19:08:44","guid":{"rendered":"http:\/\/www.agriatv.hu\/?p=21885"},"modified":"2020-06-27T19:08:46","modified_gmt":"2020-06-27T19:08:46","slug":"sirva-takaritanak-a-villamarviz-utan","status":"publish","type":"post","link":"https:\/\/www.agriatv.hu\/?p=21885","title":{"rendered":"S\u00edrva takar\u00edtanak a vill\u00e1m\u00e1rv\u00edz ut\u00e1n"},"content":{"rendered":"\n<div class=\"wp-block-image\"><figure class=\"alignleft size-large is-resized\"><img loading=\"lazy\" decoding=\"async\" src=\"https:\/\/www.agriatv.hu\/wp-content\/uploads\/2020\/06\/7646587.325x183.jpg\" alt=\"\" class=\"wp-image-21886\" width=\"172\" height=\"97\" srcset=\"https:\/\/www.agriatv.hu\/wp-content\/uploads\/2020\/06\/7646587.325x183.jpg 325w, https:\/\/www.agriatv.hu\/wp-content\/uploads\/2020\/06\/7646587.325x183-300x169.jpg 300w\" sizes=\"auto, (max-width: 172px) 100vw, 172px\" \/><\/figure><\/div>\n\n\n\n<p>\u00d6ml\u00f6tt be a v\u00edz a h\u00e1zba, erre \u00e9bredt egy egri asszony hajnalban, akkor \u00e9rt oda a vihar, rohant seg\u00edts\u00e9g\u00e9rt, de kuty\u00e1j\u00e1t m\u00e1r nem siker\u00fclt kimenteni, megfulladt. Lakhatatlann\u00e1 v\u00e1lt t\u00f6bb h\u00e1z, sok helyen bok\u00e1ig \u00e1llt a s\u00e1r, egy asszony els\u00edrta mag\u00e1t, amikor megl\u00e1tta, hogy a v\u00edz el\u00f6nt\u00f6tte a pinc\u00e9t \u00e9s a vetem\u00e9nyes\u00e9t is. De Eger belv\u00e1ros\u00e1ban is ki\u00f6nt\u00f6tt egy patak, a 25-\u00f6s utat pedig f\u00e9lp\u00e1ly\u00e1n le kellett z\u00e1rni az \u00e1rad\u00e1s miatt.<\/p>\n\n\n\n<figure><iframe loading=\"lazy\" allowfullscreen=\"yes\" width=\"640\" height=\"360\" src=\"\/\/tenyek.hu\/neoplayer\/tv2\/embed\/336356_sirva-takaritanak-a-villamarviz-.html\"><\/iframe><\/figure>\n\n\n\n<figure class=\"wp-block-embed is-type-rich is-provider-rtl\"><div class=\"wp-block-embed__wrapper\">\n<blockquote class=\"embedly-card\" data-card-controls=\"1\" data-card-align=\"center\" data-card-theme=\"light\" data-card-key=\"bbb82e0305934450ba516e363ef455a7\"><h4><a href=\"https:\/\/rtl.hu\/rtlklub\/hirek\/villamarviz-jegeso-vizben-uszo-telepulesek-eszakkeleti-orszagresz\">RTL.hu<\/a><\/h4><p>No Description<\/p><\/blockquote><script async src=\"\/\/cdn.embedly.com\/widgets\/platform.js\" charset=\"UTF-8\"><\/script>\n<\/div><\/figure>\n\n\n\n<figure class=\"wp-block-embed is-type-rich is-provider-atv-hu\"><div class=\"wp-block-embed__wrapper\">\n<blockquote class=\"embedly-card\" data-card-controls=\"1\" data-card-align=\"center\" data-card-theme=\"light\" data-card-key=\"bbb82e0305934450ba516e363ef455a7\"><h4><a href=\"http:\/\/www.atv.hu\/videok\/video-20200627-video-meteres-arviz-hompolygott-miskolcon\">ATV.hu<\/a><\/h4><p>Az ATV az els\u0151 mag\u00e1ntelev\u00edzi\u00f3 haz\u00e1nkban. A min\u0151s\u00e9gi, sz\u00ednvonalas, magas \u00e9rt\u00e9krend\u0171 m\u0171sorok k\u00e9sz\u00edt\u00e9s\u00e9t \u00e9s sug\u00e1rz\u00e1s\u00e1t c\u00e9lul kit\u0171z\u0151 kereskedelmi csatorna.<\/p><\/blockquote><script async src=\"\/\/cdn.embedly.com\/widgets\/platform.js\" charset=\"UTF-8\"><\/script>\n<\/div><\/figure>\n","protected":false},"excerpt":{"rendered":"<p>\u00d6ml\u00f6tt be a v\u00edz a h\u00e1zba, erre \u00e9bredt egy egri asszony hajnalban, akkor \u00e9rt oda a vihar, rohant seg\u00edts\u00e9g\u00e9rt, de kuty\u00e1j\u00e1t m\u00e1r nem siker\u00fclt kimenteni, megfulladt. Lakhatatlann\u00e1 v\u00e1lt t\u00f6bb h\u00e1z, sok helyen bok\u00e1ig \u00e1llt a s\u00e1r, egy asszony els\u00edrta mag\u00e1t, amikor megl\u00e1tta, hogy a v\u00edz el\u00f6nt\u00f6tte a pinc\u00e9t \u00e9s a vetem\u00e9nyes\u00e9t is. De Eger belv\u00e1ros\u00e1ban [&#8230;]<\/p>\n","protected":false},"author":4,"featured_media":0,"comment_status":"open","ping_status":"closed","sticky":false,"template":"","format":"standard","meta":{"footnotes":""},"categories":[6,19,450,4],"tags":[36,70,161,3325],"class_list":["post-21885","post","type-post","status-publish","format-standard","hentry","category-belfold","category-egeszseg","category-gazdasag-2","category-szabadido","tag-eger","tag-heves-megye","tag-tuzolto","tag-villamarviz"],"_links":{"self":[{"href":"https:\/\/www.agriatv.hu\/index.php?rest_route=\/wp\/v2\/posts\/21885","targetHints":{"allow":["GET"]}}],"collection":[{"href":"https:\/\/www.agriatv.hu\/index.php?rest_route=\/wp\/v2\/posts"}],"about":[{"href":"https:\/\/www.agriatv.hu\/index.php?rest_route=\/wp\/v2\/types\/post"}],"author":[{"embeddable":true,"href":"https:\/\/www.agriatv.hu\/index.php?rest_route=\/wp\/v2\/users\/4"}],"replies":[{"embeddable":true,"href":"https:\/\/www.agriatv.hu\/index.php?rest_route=%2Fwp%2Fv2%2Fcomments&post=21885"}],"version-history":[{"count":1,"href":"https:\/\/www.agriatv.hu\/index.php?rest_route=\/wp\/v2\/posts\/21885\/revisions"}],"predecessor-version":[{"id":21887,"href":"https:\/\/www.agriatv.hu\/index.php?rest_route=\/wp\/v2\/posts\/21885\/revisions\/21887"}],"wp:attachment":[{"href":"https:\/\/www.agriatv.hu\/index.php?rest_route=%2Fwp%2Fv2%2Fmedia&parent=21885"}],"wp:term":[{"taxonomy":"category","embeddable":true,"href":"https:\/\/www.agriatv.hu\/index.php?rest_route=%2Fwp%2Fv2%2Fcategories&post=21885"},{"taxonomy":"post_tag","embeddable":true,"href":"https:\/\/www.agriatv.hu\/index.php?rest_route=%2Fwp%2Fv2%2Ftags&post=21885"}],"curies":[{"name":"wp","href":"https:\/\/api.w.org\/{rel}","templated":true}]}}