{"id":21981,"date":"2020-08-02T17:39:16","date_gmt":"2020-08-02T17:39:16","guid":{"rendered":"http:\/\/www.agriatv.hu\/?p=21981"},"modified":"2020-08-02T17:39:20","modified_gmt":"2020-08-02T17:39:20","slug":"dudalasa-miatt-szurtak-ki-a-kerekeit","status":"publish","type":"post","link":"https:\/\/www.agriatv.hu\/?p=21981","title":{"rendered":"Dud\u00e1l\u00e1sa miatt sz\u00fart\u00e1k ki a kerekeit"},"content":{"rendered":"\n<div class=\"wp-block-image\"><figure class=\"alignleft size-large\"><img loading=\"lazy\" decoding=\"async\" width=\"325\" height=\"183\" src=\"https:\/\/www.agriatv.hu\/wp-content\/uploads\/2020\/08\/39318949.325x183.jpg\" alt=\"\" class=\"wp-image-21982\" srcset=\"https:\/\/www.agriatv.hu\/wp-content\/uploads\/2020\/08\/39318949.325x183.jpg 325w, https:\/\/www.agriatv.hu\/wp-content\/uploads\/2020\/08\/39318949.325x183-300x169.jpg 300w\" sizes=\"auto, (max-width: 325px) 100vw, 325px\" \/><\/figure><\/div>\n\n\n\n<p><strong>\u00dct\u00f6tt \u00e9s rugdosott egy h\u00e1rom f\u0151s t\u00e1rsas\u00e1g egy aut\u00f3t Egerben, a sof\u0151r benne \u00fclt. Ezut\u00e1n k\u00e9ssel kisz\u00fart\u00e1k a kocsi kerek\u00e9t.<\/strong><\/p>\n\n\n\n<p>Err\u0151l vide\u00f3 is k\u00e9sz\u00fclt, egy m\u00f6g\u00f6tt\u00fck \u00e1ll\u00f3 aut\u00f3s felvette az eg\u00e9sz vit\u00e1t. Amikor az \u0151rj\u00f6ng\u0151 t\u00e1rsas\u00e1g r\u00e1j\u00f6tt, hogy felveszik \u0151ket, m\u00e9g agressz\u00edvabbak lettek. \u00dagy tudjuk, az eg\u00e9sz vita \u00fagy indult, hogy a sof\u0151r r\u00e1dud\u00e1lt a t\u00e1rsas\u00e1gra, ezut\u00e1n estek neki a kocsij\u00e1nak.<\/p>\n\n\n\n<figure><iframe loading=\"lazy\" allowfullscreen=\"yes\" width=\"640\" height=\"360\" src=\"\/\/tenyek.hu\/neoplayer\/tv2\/embed\/339170_dudalasa-miatt-szurtak-ki-a-kere.html\"><\/iframe><\/figure>\n\n\n\n<figure class=\"wp-block-embed is-type-rich is-provider-rtl\"><div class=\"wp-block-embed__wrapper\">\n<blockquote class=\"embedly-card\" data-card-controls=\"1\" data-card-align=\"center\" data-card-theme=\"light\" data-card-key=\"bbb82e0305934450ba516e363ef455a7\"><h4><a href=\"https:\/\/rtl.hu\/rtlklub\/hirek\/kozlekedesi-vita-miatt-tamadtak-ra-egy-autosra-egerben\">RTL.hu<\/a><\/h4><p>No Description<\/p><\/blockquote><script async src=\"\/\/cdn.embedly.com\/widgets\/platform.js\" charset=\"UTF-8\"><\/script>\n<\/div><\/figure>\n","protected":false},"excerpt":{"rendered":"<p>\u00dct\u00f6tt \u00e9s rugdosott egy h\u00e1rom f\u0151s t\u00e1rsas\u00e1g egy aut\u00f3t Egerben, a sof\u0151r benne \u00fclt. Ezut\u00e1n k\u00e9ssel kisz\u00fart\u00e1k a kocsi kerek\u00e9t.<\/p>\n<p>Err\u0151l vide\u00f3 is k\u00e9sz\u00fclt, egy m\u00f6g\u00f6tt\u00fck \u00e1ll\u00f3 aut\u00f3s felvette az eg\u00e9sz vit\u00e1t. Amikor az \u0151rj\u00f6ng\u0151 t\u00e1rsas\u00e1g r\u00e1j\u00f6tt, hogy felveszik \u0151ket, m\u00e9g agressz\u00edvabbak lettek. \u00dagy tudjuk, az eg\u00e9sz vita \u00fagy indult, hogy a sof\u0151r r\u00e1dud\u00e1lt a t\u00e1rsas\u00e1gra, [&#8230;]<\/p>\n","protected":false},"author":4,"featured_media":0,"comment_status":"open","ping_status":"closed","sticky":false,"template":"","format":"standard","meta":{"footnotes":""},"categories":[5],"tags":[3524,36,1430,650],"class_list":["post-21981","post","type-post","status-publish","format-standard","hentry","category-kek-hirek","tag-duda","tag-eger","tag-garazdasag","tag-kozlekedes"],"_links":{"self":[{"href":"https:\/\/www.agriatv.hu\/index.php?rest_route=\/wp\/v2\/posts\/21981","targetHints":{"allow":["GET"]}}],"collection":[{"href":"https:\/\/www.agriatv.hu\/index.php?rest_route=\/wp\/v2\/posts"}],"about":[{"href":"https:\/\/www.agriatv.hu\/index.php?rest_route=\/wp\/v2\/types\/post"}],"author":[{"embeddable":true,"href":"https:\/\/www.agriatv.hu\/index.php?rest_route=\/wp\/v2\/users\/4"}],"replies":[{"embeddable":true,"href":"https:\/\/www.agriatv.hu\/index.php?rest_route=%2Fwp%2Fv2%2Fcomments&post=21981"}],"version-history":[{"count":1,"href":"https:\/\/www.agriatv.hu\/index.php?rest_route=\/wp\/v2\/posts\/21981\/revisions"}],"predecessor-version":[{"id":21983,"href":"https:\/\/www.agriatv.hu\/index.php?rest_route=\/wp\/v2\/posts\/21981\/revisions\/21983"}],"wp:attachment":[{"href":"https:\/\/www.agriatv.hu\/index.php?rest_route=%2Fwp%2Fv2%2Fmedia&parent=21981"}],"wp:term":[{"taxonomy":"category","embeddable":true,"href":"https:\/\/www.agriatv.hu\/index.php?rest_route=%2Fwp%2Fv2%2Fcategories&post=21981"},{"taxonomy":"post_tag","embeddable":true,"href":"https:\/\/www.agriatv.hu\/index.php?rest_route=%2Fwp%2Fv2%2Ftags&post=21981"}],"curies":[{"name":"wp","href":"https:\/\/api.w.org\/{rel}","templated":true}]}}