{"id":21984,"date":"2020-08-04T18:01:47","date_gmt":"2020-08-04T18:01:47","guid":{"rendered":"http:\/\/www.agriatv.hu\/?p=21984"},"modified":"2020-08-04T18:01:48","modified_gmt":"2020-08-04T18:01:48","slug":"elarasztja-a-kerteket-a-szennyviz","status":"publish","type":"post","link":"https:\/\/www.agriatv.hu\/?p=21984","title":{"rendered":"El\u00e1rasztja a kerteket a szennyv\u00edz"},"content":{"rendered":"\n<div class=\"wp-block-image\"><figure class=\"alignleft size-large is-resized\"><img loading=\"lazy\" decoding=\"async\" src=\"https:\/\/www.agriatv.hu\/wp-content\/uploads\/2020\/08\/30466658.325x183.jpg\" alt=\"\" class=\"wp-image-21985\" width=\"173\" height=\"97\" srcset=\"https:\/\/www.agriatv.hu\/wp-content\/uploads\/2020\/08\/30466658.325x183.jpg 325w, https:\/\/www.agriatv.hu\/wp-content\/uploads\/2020\/08\/30466658.325x183-300x169.jpg 300w\" sizes=\"auto, (max-width: 173px) 100vw, 173px\" \/><\/figure><\/div>\n\n\n\n<p><strong>Minden nap el\u00e1rasztja a kerteket, udvarokat a szennyv\u00edz Verpel\u00e9ten.<\/strong><\/p>\n\n\n\n<p>A helyiek azt mondj\u00e1k, a szolg\u00e1ltat\u00f3 hi\u00e1ba szippantja ki az utc\u00e1n l\u00e9v\u0151 tart\u00e1lyokat k\u00e9tnaponta, naponta tel\u00edt\u0151dik a rendszer. A verpel\u00e9tiek szerint elviselhetetlen a b\u0171z, sokan att\u00f3l rettegnek, hogy az \u00e1lland\u00f3 szennyv\u00edz miatt fert\u0151z\u00e9st kapnak.<\/p>\n\n\n\n<figure><iframe loading=\"lazy\" allowfullscreen=\"yes\" width=\"640\" height=\"360\" src=\"\/\/tenyek.hu\/neoplayer\/tv2\/embed\/339327_elarasztja-a-kerteket-a-szennyvi.html\"><\/iframe><\/figure>\n","protected":false},"excerpt":{"rendered":"<p>Minden nap el\u00e1rasztja a kerteket, udvarokat a szennyv\u00edz Verpel\u00e9ten.<\/p>\n<p>A helyiek azt mondj\u00e1k, a szolg\u00e1ltat\u00f3 hi\u00e1ba szippantja ki az utc\u00e1n l\u00e9v\u0151 tart\u00e1lyokat k\u00e9tnaponta, naponta tel\u00edt\u0151dik a rendszer. A verpel\u00e9tiek szerint elviselhetetlen a b\u0171z, sokan att\u00f3l rettegnek, hogy az \u00e1lland\u00f3 szennyv\u00edz miatt fert\u0151z\u00e9st kapnak.<\/p>\n","protected":false},"author":4,"featured_media":0,"comment_status":"open","ping_status":"closed","sticky":false,"template":"","format":"standard","meta":{"footnotes":""},"categories":[6,19,4],"tags":[143,130,2672,3526,781],"class_list":["post-21984","post","type-post","status-publish","format-standard","hentry","category-belfold","category-egeszseg","category-szabadido","tag-egeszseg-2","tag-fertozes","tag-szennyviz","tag-szippanto","tag-verpelet"],"_links":{"self":[{"href":"https:\/\/www.agriatv.hu\/index.php?rest_route=\/wp\/v2\/posts\/21984","targetHints":{"allow":["GET"]}}],"collection":[{"href":"https:\/\/www.agriatv.hu\/index.php?rest_route=\/wp\/v2\/posts"}],"about":[{"href":"https:\/\/www.agriatv.hu\/index.php?rest_route=\/wp\/v2\/types\/post"}],"author":[{"embeddable":true,"href":"https:\/\/www.agriatv.hu\/index.php?rest_route=\/wp\/v2\/users\/4"}],"replies":[{"embeddable":true,"href":"https:\/\/www.agriatv.hu\/index.php?rest_route=%2Fwp%2Fv2%2Fcomments&post=21984"}],"version-history":[{"count":1,"href":"https:\/\/www.agriatv.hu\/index.php?rest_route=\/wp\/v2\/posts\/21984\/revisions"}],"predecessor-version":[{"id":21986,"href":"https:\/\/www.agriatv.hu\/index.php?rest_route=\/wp\/v2\/posts\/21984\/revisions\/21986"}],"wp:attachment":[{"href":"https:\/\/www.agriatv.hu\/index.php?rest_route=%2Fwp%2Fv2%2Fmedia&parent=21984"}],"wp:term":[{"taxonomy":"category","embeddable":true,"href":"https:\/\/www.agriatv.hu\/index.php?rest_route=%2Fwp%2Fv2%2Fcategories&post=21984"},{"taxonomy":"post_tag","embeddable":true,"href":"https:\/\/www.agriatv.hu\/index.php?rest_route=%2Fwp%2Fv2%2Ftags&post=21984"}],"curies":[{"name":"wp","href":"https:\/\/api.w.org\/{rel}","templated":true}]}}