{"id":21987,"date":"2020-08-04T18:13:41","date_gmt":"2020-08-04T18:13:41","guid":{"rendered":"http:\/\/www.agriatv.hu\/?p=21987"},"modified":"2020-08-04T18:13:43","modified_gmt":"2020-08-04T18:13:43","slug":"letartoztatasban-a-szechenyi-uti-garazdak","status":"publish","type":"post","link":"https:\/\/www.agriatv.hu\/?p=21987","title":{"rendered":"Letart\u00f3ztat\u00e1sban a Sz\u00e9chenyi \u00fati gar\u00e1zd\u00e1k"},"content":{"rendered":"\n<p class=\"has-text-align-left\"><img loading=\"lazy\" decoding=\"async\" width=\"150\" height=\"84\" class=\"wp-image-21982\" style=\"width: 150px;\" src=\"https:\/\/www.agriatv.hu\/wp-content\/uploads\/2020\/08\/39318949.325x183.jpg\" alt=\"\" srcset=\"https:\/\/www.agriatv.hu\/wp-content\/uploads\/2020\/08\/39318949.325x183.jpg 325w, https:\/\/www.agriatv.hu\/wp-content\/uploads\/2020\/08\/39318949.325x183-300x169.jpg 300w\" sizes=\"auto, (max-width: 150px) 100vw, 150px\" \/>Egy h\u00f3napra rendelte el a letart\u00f3ztat\u00e1s\u00e1t az Egri J\u00e1r\u00e1sb\u00edr\u00f3s\u00e1g annak a k\u00e9t f\u00e9rfinak, akikkel szemben csoportosan \u00e9s felfegyverkezve elk\u00f6vetett gar\u00e1zdas\u00e1g b\u0171ntette miatt nyomoz az Egri Rend\u0151rkapit\u00e1nys\u00e1g.<\/p>\n\n\n\n<p><a href=\"https:\/\/www.agriatv.hu\/?p=21981\">Mint kor\u00e1bban besz\u00e1moltunk r\u00f3la, tettlegess\u00e9gig fajult egy k\u00f6zleked\u00e9si n\u00e9zetelt\u00e9r\u00e9s Egerben.<\/a><\/p>\n\n\n\n<p>A k\u00e9t f\u00e9rfit \u00e9s harmadik t\u00e1rsukat azzal gyan\u00fas\u00edtj\u00e1k, hogy 2020. augusztus elsej\u00e9n Eger belv\u00e1ros\u00e1ban egy k\u00f6zleked\u00e9si konfliktust k\u00f6vet\u0151en egy m\u00e1sik aut\u00f3ssal sz\u00f3v\u00e1lt\u00e1sba keveredtek, majd hangosan szitkoz\u00f3dtak \u00e9s egy k\u00e9ssel kisz\u00fart\u00e1k a s\u00e9rtett g\u00e9pkocsij\u00e1nak kerekeit. A cselekm\u00e9ny alkalmas volt arra, hogy az azt \u00e9szlel\u0151kben megbotr\u00e1nkoz\u00e1st, vagy riadalmat keltsen.<\/p>\n\n\n\n<p>Az Egri J\u00e1r\u00e1sb\u00edr\u00f3s\u00e1g nyomoz\u00e1si b\u00edr\u00e1ja a d\u00f6nt\u00e9st azzal indokolta, hogy mindk\u00e9t gyan\u00fas\u00edtott eset\u00e9n megalapozottan feltehet\u0151, hogy szabadl\u00e1bon hagy\u00e1suk eset\u00e9n a tan\u00fak befoly\u00e1sol\u00e1sa \u00e9s a gyan\u00fas\u00edtottak \u00f6sszebesz\u00e9l\u00e9se r\u00e9v\u00e9n a b\u00fcntet\u0151elj\u00e1r\u00e1s siker\u00e9t meghi\u00fas\u00edtan\u00e1k vagy megnehez\u00edten\u00e9k, valamint fenn\u00e1ll a b\u0171nism\u00e9tl\u00e9s vesz\u00e9lye is, teh\u00e1t, hogy \u00fajabb szabads\u00e1gveszt\u00e9ssel b\u00fcntetend\u0151 b\u0171ncselekm\u00e9nyt k\u00f6vetn\u00e9nek el.<\/p>\n\n\n\n<p>A v\u00e9gz\u00e9st az \u00fcgy\u00e9sz tudom\u00e1sul vette, a gyan\u00fas\u00edtottak \u00e9s a v\u00e9d\u0151k azonban enyh\u00e9bb k\u00e9nyszerint\u00e9zked\u00e9s alkalmaz\u00e1sa miatt fellebbeztek, \u00edgy az nem v\u00e9gleges. A fellebbez\u00e9s folyt\u00e1n az Egri T\u00f6rv\u00e9nysz\u00e9k m\u00e1sodfok\u00fa tan\u00e1csa hoz majd d\u00f6nt\u00e9st, addig a gyan\u00fas\u00edtottak biztosan letart\u00f3ztat\u00e1sban maradnak.<\/p>\n","protected":false},"excerpt":{"rendered":"<p>Egy h\u00f3napra rendelte el a letart\u00f3ztat\u00e1s\u00e1t az Egri J\u00e1r\u00e1sb\u00edr\u00f3s\u00e1g annak a k\u00e9t f\u00e9rfinak, akikkel szemben csoportosan \u00e9s felfegyverkezve elk\u00f6vetett gar\u00e1zdas\u00e1g b\u0171ntette miatt nyomoz az Egri Rend\u0151rkapit\u00e1nys\u00e1g.<\/p>\n<p>Mint kor\u00e1bban besz\u00e1moltunk r\u00f3la, tettlegess\u00e9gig fajult egy k\u00f6zleked\u00e9si n\u00e9zetelt\u00e9r\u00e9s Egerben.<\/p>\n<p>A k\u00e9t f\u00e9rfit \u00e9s harmadik t\u00e1rsukat azzal gyan\u00fas\u00edtj\u00e1k, hogy 2020. augusztus elsej\u00e9n Eger belv\u00e1ros\u00e1ban egy k\u00f6zleked\u00e9si konfliktust k\u00f6vet\u0151en egy m\u00e1sik aut\u00f3ssal [&#8230;]<\/p>\n","protected":false},"author":4,"featured_media":0,"comment_status":"open","ping_status":"closed","sticky":false,"template":"","format":"standard","meta":{"footnotes":""},"categories":[5],"tags":[36,3527,1430,670,1214],"class_list":["post-21987","post","type-post","status-publish","format-standard","hentry","category-kek-hirek","tag-eger","tag-felfegyverkezve","tag-garazdasag","tag-gumi","tag-kocsi"],"_links":{"self":[{"href":"https:\/\/www.agriatv.hu\/index.php?rest_route=\/wp\/v2\/posts\/21987","targetHints":{"allow":["GET"]}}],"collection":[{"href":"https:\/\/www.agriatv.hu\/index.php?rest_route=\/wp\/v2\/posts"}],"about":[{"href":"https:\/\/www.agriatv.hu\/index.php?rest_route=\/wp\/v2\/types\/post"}],"author":[{"embeddable":true,"href":"https:\/\/www.agriatv.hu\/index.php?rest_route=\/wp\/v2\/users\/4"}],"replies":[{"embeddable":true,"href":"https:\/\/www.agriatv.hu\/index.php?rest_route=%2Fwp%2Fv2%2Fcomments&post=21987"}],"version-history":[{"count":1,"href":"https:\/\/www.agriatv.hu\/index.php?rest_route=\/wp\/v2\/posts\/21987\/revisions"}],"predecessor-version":[{"id":21989,"href":"https:\/\/www.agriatv.hu\/index.php?rest_route=\/wp\/v2\/posts\/21987\/revisions\/21989"}],"wp:attachment":[{"href":"https:\/\/www.agriatv.hu\/index.php?rest_route=%2Fwp%2Fv2%2Fmedia&parent=21987"}],"wp:term":[{"taxonomy":"category","embeddable":true,"href":"https:\/\/www.agriatv.hu\/index.php?rest_route=%2Fwp%2Fv2%2Fcategories&post=21987"},{"taxonomy":"post_tag","embeddable":true,"href":"https:\/\/www.agriatv.hu\/index.php?rest_route=%2Fwp%2Fv2%2Ftags&post=21987"}],"curies":[{"name":"wp","href":"https:\/\/api.w.org\/{rel}","templated":true}]}}