{"id":21997,"date":"2020-08-06T19:23:34","date_gmt":"2020-08-06T19:23:34","guid":{"rendered":"http:\/\/www.agriatv.hu\/?p=21997"},"modified":"2020-08-06T19:31:19","modified_gmt":"2020-08-06T19:31:19","slug":"busznak-utkozott-metereket-repult","status":"publish","type":"post","link":"https:\/\/www.agriatv.hu\/?p=21997","title":{"rendered":"Busznak \u00fctk\u00f6z\u00f6tt, m\u00e9tereket rep\u00fclt"},"content":{"rendered":"\n<div class=\"wp-block-image\"><figure class=\"alignleft size-large is-resized\"><img loading=\"lazy\" decoding=\"async\" src=\"https:\/\/www.agriatv.hu\/wp-content\/uploads\/2020\/08\/55493345.325x183.jpg\" alt=\"\" class=\"wp-image-21998\" width=\"219\" height=\"123\" srcset=\"https:\/\/www.agriatv.hu\/wp-content\/uploads\/2020\/08\/55493345.325x183.jpg 325w, https:\/\/www.agriatv.hu\/wp-content\/uploads\/2020\/08\/55493345.325x183-300x169.jpg 300w\" sizes=\"auto, (max-width: 219px) 100vw, 219px\" \/><\/figure><\/div>\n\n\n\n<p>M\u00e9tereket rep\u00fclt egy motoros, amikor front\u00e1lisan \u00fctk\u00f6z\u00f6tt egy kisbusszal Recsk \u00e9s Sirok k\u00f6z\u00f6tt, Heves megy\u00e9ben. A motoros szab\u00e1lytalanul el\u0151z\u00f6tt \u00e9s \u00e1tt\u00e9rt a kisbusz s\u00e1vj\u00e1ba, \u00edgy t\u00f6rt\u00e9nt a baleset. Szemtan\u00fak szerint a motoros gyorsan hajtott. S\u00falyos t\u00f6r\u00e9sekkel ment\u0151helikopterrel vitt\u00e9k k\u00f3rh\u00e1zba.<\/p>\n\n\n\n<figure><iframe loading=\"lazy\" allowfullscreen=\"yes\" width=\"640\" height=\"360\" src=\"\/\/tenyek.hu\/neoplayer\/tv2\/embed\/339669_busznak-utkozott-metereket-repult.html\"><\/iframe><\/figure>\n\n\n\n<figure class=\"wp-block-embed is-type-rich is-provider-rtl\"><div class=\"wp-block-embed__wrapper\">\n<blockquote class=\"embedly-card\" data-card-controls=\"1\" data-card-align=\"center\" data-card-theme=\"light\" data-card-key=\"bbb82e0305934450ba516e363ef455a7\"><h4><a href=\"https:\/\/rtl.hu\/rtlklub\/hirek\/mentohelikopter-vitte-korhazba-a-motorost\">RTL.hu<\/a><\/h4><p>No Description<\/p><\/blockquote><script async src=\"\/\/cdn.embedly.com\/widgets\/platform.js\" charset=\"UTF-8\"><\/script>\n<\/div><\/figure>\n","protected":false},"excerpt":{"rendered":"<p>M\u00e9tereket rep\u00fclt egy motoros, amikor front\u00e1lisan \u00fctk\u00f6z\u00f6tt egy kisbusszal Recsk \u00e9s Sirok k\u00f6z\u00f6tt, Heves megy\u00e9ben. A motoros szab\u00e1lytalanul el\u0151z\u00f6tt \u00e9s \u00e1tt\u00e9rt a kisbusz s\u00e1vj\u00e1ba, \u00edgy t\u00f6rt\u00e9nt a baleset. Szemtan\u00fak szerint a motoros gyorsan hajtott. S\u00falyos t\u00f6r\u00e9sekkel ment\u0151helikopterrel vitt\u00e9k k\u00f3rh\u00e1zba.<\/p>\n<p>RTL.huNo Description<\/p>\n","protected":false},"author":4,"featured_media":0,"comment_status":"open","ping_status":"closed","sticky":false,"template":"","format":"standard","meta":{"footnotes":""},"categories":[5],"tags":[41,968,876,275,533,458],"class_list":["post-21997","post","type-post","status-publish","format-standard","hentry","category-kek-hirek","tag-baleset","tag-busz","tag-helikopter","tag-motor","tag-recsk","tag-serult"],"_links":{"self":[{"href":"https:\/\/www.agriatv.hu\/index.php?rest_route=\/wp\/v2\/posts\/21997","targetHints":{"allow":["GET"]}}],"collection":[{"href":"https:\/\/www.agriatv.hu\/index.php?rest_route=\/wp\/v2\/posts"}],"about":[{"href":"https:\/\/www.agriatv.hu\/index.php?rest_route=\/wp\/v2\/types\/post"}],"author":[{"embeddable":true,"href":"https:\/\/www.agriatv.hu\/index.php?rest_route=\/wp\/v2\/users\/4"}],"replies":[{"embeddable":true,"href":"https:\/\/www.agriatv.hu\/index.php?rest_route=%2Fwp%2Fv2%2Fcomments&post=21997"}],"version-history":[{"count":1,"href":"https:\/\/www.agriatv.hu\/index.php?rest_route=\/wp\/v2\/posts\/21997\/revisions"}],"predecessor-version":[{"id":21999,"href":"https:\/\/www.agriatv.hu\/index.php?rest_route=\/wp\/v2\/posts\/21997\/revisions\/21999"}],"wp:attachment":[{"href":"https:\/\/www.agriatv.hu\/index.php?rest_route=%2Fwp%2Fv2%2Fmedia&parent=21997"}],"wp:term":[{"taxonomy":"category","embeddable":true,"href":"https:\/\/www.agriatv.hu\/index.php?rest_route=%2Fwp%2Fv2%2Fcategories&post=21997"},{"taxonomy":"post_tag","embeddable":true,"href":"https:\/\/www.agriatv.hu\/index.php?rest_route=%2Fwp%2Fv2%2Ftags&post=21997"}],"curies":[{"name":"wp","href":"https:\/\/api.w.org\/{rel}","templated":true}]}}