{"id":22001,"date":"2020-08-08T11:43:50","date_gmt":"2020-08-08T11:43:50","guid":{"rendered":"http:\/\/www.agriatv.hu\/?p=22001"},"modified":"2020-08-08T11:43:52","modified_gmt":"2020-08-08T11:43:52","slug":"video-autokkal-es-busszal-is-utkozott-a-motor","status":"publish","type":"post","link":"https:\/\/www.agriatv.hu\/?p=22001","title":{"rendered":"Vide\u00f3: aut\u00f3kkal \u00e9s busszal is \u00fctk\u00f6z\u00f6tt a motor"},"content":{"rendered":"\n<div class=\"wp-block-image\"><figure class=\"alignleft size-large is-resized\"><img loading=\"lazy\" decoding=\"async\" src=\"https:\/\/www.agriatv.hu\/wp-content\/uploads\/2020\/08\/f-2-1024x576.jpg\" alt=\"\" class=\"wp-image-22003\" width=\"199\" height=\"112\" srcset=\"https:\/\/www.agriatv.hu\/wp-content\/uploads\/2020\/08\/f-2-1024x576.jpg 1024w, https:\/\/www.agriatv.hu\/wp-content\/uploads\/2020\/08\/f-2-300x169.jpg 300w, https:\/\/www.agriatv.hu\/wp-content\/uploads\/2020\/08\/f-2-768x432.jpg 768w, https:\/\/www.agriatv.hu\/wp-content\/uploads\/2020\/08\/f-2-1536x864.jpg 1536w, https:\/\/www.agriatv.hu\/wp-content\/uploads\/2020\/08\/f-2.jpg 1920w\" sizes=\"auto, (max-width: 199px) 100vw, 199px\" \/><\/figure><\/div>\n\n\n\n<p><strong>Ment\u0151helikopter \u00e9rkezett a motoros\u00e9rt.<\/strong><\/p>\n\n\n\n<p>Inform\u00e1ci\u00f3nk szerint motorosok haladtak M\u00f3nosb\u00e9l fel\u0151l Szilv\u00e1sv\u00e1rd ir\u00e1ny\u00e1ba, amikor M\u00f3nosb\u00e9l hat\u00e1r\u00e1ban utol\u00e9rtek egy buszt. Az enyhe jobbos kanyarban az egyik motoros megel\u0151zte a buszt, majd a m\u00e1sik motoros is el\u0151z\u00e9sbe kezdett. \u0150 azonban nem vette \u00e9szre a k\u00f6zben szab\u00e1lyosan \u00e9rkez\u0151 g\u00e9pkocsit, amivel \u00f6ssze\u00fctk\u00f6z\u00f6tt. A v\u00e9tlen kocsi vezet\u0151je elmondta, mit l\u00e1tott.<\/p>\n\n\n\n<p>A motor a karambol k\u00f6vetkezt\u00e9ben a mellette halad\u00f3 busznak is nekicsap\u00f3dott, majd egy m\u00f6g\u00f6tte \u00e9rkez\u0151 m\u00e1sik kocsi r\u00e1hajtott.<\/p>\n\n\n\n<p>A motorost &#8211; akin a sisakon k\u00edv\u00fcl nem volt v\u00e9d\u0151felszerel\u00e9s &#8211; s\u00falyos s\u00e9r\u00fcl\u00e9sekkel, ment\u0151helikopterrel sz\u00e1ll\u00edtott\u00e1k k\u00f3rh\u00e1zba.<\/p>\n\n\n\n<p>Az \u00e9rintett szakaszt teljes sz\u00e9less\u00e9gben lez\u00e1rt\u00e1k. Ker\u00fclni M\u00f3nosb\u00e9len kereszt\u00fcl lehet.<\/p>\n\n\n\n<figure class=\"wp-block-embed-youtube wp-block-embed is-type-rich is-provider-youtube\"><div class=\"wp-block-embed__wrapper\">\n<blockquote class=\"embedly-card\" data-card-controls=\"1\" data-card-align=\"center\" data-card-theme=\"light\" data-card-key=\"bbb82e0305934450ba516e363ef455a7\"><h4><a href=\"https:\/\/youtu.be\/ESi-FJHHnIw\">200808motoros monosbel y<\/a><\/h4><p>Vide\u00f3: aut\u00f3kkal \u00e9s busszal is \u00fctk\u00f6z\u00f6tt a motor<\/p><\/blockquote><script async src=\"\/\/cdn.embedly.com\/widgets\/platform.js\" charset=\"UTF-8\"><\/script>\n<\/div><\/figure>\n","protected":false},"excerpt":{"rendered":"<p>Ment\u0151helikopter \u00e9rkezett a motoros\u00e9rt.<\/p>\n<p>Inform\u00e1ci\u00f3nk szerint motorosok haladtak M\u00f3nosb\u00e9l fel\u0151l Szilv\u00e1sv\u00e1rd ir\u00e1ny\u00e1ba, amikor M\u00f3nosb\u00e9l hat\u00e1r\u00e1ban utol\u00e9rtek egy buszt. Az enyhe jobbos kanyarban az egyik motoros megel\u0151zte a buszt, majd a m\u00e1sik motoros is el\u0151z\u00e9sbe kezdett. \u0150 azonban nem vette \u00e9szre a k\u00f6zben szab\u00e1lyosan \u00e9rkez\u0151 g\u00e9pkocsit, amivel \u00f6ssze\u00fctk\u00f6z\u00f6tt. A v\u00e9tlen kocsi vezet\u0151je elmondta, mit l\u00e1tott.<\/p>\n<p>A motor a [&#8230;]<\/p>\n","protected":false},"author":4,"featured_media":0,"comment_status":"open","ping_status":"closed","sticky":false,"template":"","format":"standard","meta":{"footnotes":""},"categories":[1],"tags":[],"class_list":["post-22001","post","type-post","status-publish","format-standard","hentry","category-nincs-kategorizalva"],"_links":{"self":[{"href":"https:\/\/www.agriatv.hu\/index.php?rest_route=\/wp\/v2\/posts\/22001","targetHints":{"allow":["GET"]}}],"collection":[{"href":"https:\/\/www.agriatv.hu\/index.php?rest_route=\/wp\/v2\/posts"}],"about":[{"href":"https:\/\/www.agriatv.hu\/index.php?rest_route=\/wp\/v2\/types\/post"}],"author":[{"embeddable":true,"href":"https:\/\/www.agriatv.hu\/index.php?rest_route=\/wp\/v2\/users\/4"}],"replies":[{"embeddable":true,"href":"https:\/\/www.agriatv.hu\/index.php?rest_route=%2Fwp%2Fv2%2Fcomments&post=22001"}],"version-history":[{"count":1,"href":"https:\/\/www.agriatv.hu\/index.php?rest_route=\/wp\/v2\/posts\/22001\/revisions"}],"predecessor-version":[{"id":22004,"href":"https:\/\/www.agriatv.hu\/index.php?rest_route=\/wp\/v2\/posts\/22001\/revisions\/22004"}],"wp:attachment":[{"href":"https:\/\/www.agriatv.hu\/index.php?rest_route=%2Fwp%2Fv2%2Fmedia&parent=22001"}],"wp:term":[{"taxonomy":"category","embeddable":true,"href":"https:\/\/www.agriatv.hu\/index.php?rest_route=%2Fwp%2Fv2%2Fcategories&post=22001"},{"taxonomy":"post_tag","embeddable":true,"href":"https:\/\/www.agriatv.hu\/index.php?rest_route=%2Fwp%2Fv2%2Ftags&post=22001"}],"curies":[{"name":"wp","href":"https:\/\/api.w.org\/{rel}","templated":true}]}}