{"id":22006,"date":"2020-08-08T20:48:21","date_gmt":"2020-08-08T20:48:21","guid":{"rendered":"http:\/\/www.agriatv.hu\/?p=22006"},"modified":"2020-08-09T18:17:13","modified_gmt":"2020-08-09T18:17:13","slug":"motoros-vagott-ki-a-busz-mogul","status":"publish","type":"post","link":"https:\/\/www.agriatv.hu\/?p=22006","title":{"rendered":"Motoros v\u00e1gott ki a busz m\u00f6g\u00fcl"},"content":{"rendered":"\n<div class=\"wp-block-image\"><figure class=\"alignleft size-large is-resized\"><img loading=\"lazy\" decoding=\"async\" src=\"https:\/\/www.agriatv.hu\/wp-content\/uploads\/2020\/08\/42755676.325x183.jpg\" alt=\"\" class=\"wp-image-22007\" width=\"209\" height=\"118\" srcset=\"https:\/\/www.agriatv.hu\/wp-content\/uploads\/2020\/08\/42755676.325x183.jpg 325w, https:\/\/www.agriatv.hu\/wp-content\/uploads\/2020\/08\/42755676.325x183-300x169.jpg 300w\" sizes=\"auto, (max-width: 209px) 100vw, 209px\" \/><\/figure><\/div>\n\n\n\n<p><strong>Egy busz m\u00f6g\u00fcl el\u0151z\u00f6tt v\u00e1ratlanul az a motoros, aki front\u00e1lisan karambolozott egy aut\u00f3val.<\/strong><\/p>\n\n\n\n<p>&nbsp;A sof\u0151r nyilatkozott a T\u00e9nyeknek, azt mondja, hogy az arc\u00e1t is l\u00e1tta volna a motorosnak, ha nincsen rajta a sisak annyira k\u00f6zel v\u00e1gott ki a busz m\u00f6g\u00fcl. Az aut\u00f3b\u00f3l egy n\u0151t vittek el a ment\u0151k, a motorost s\u00falyos s\u00e9r\u00fcl\u00e9sekkel ment\u0151helikopterrel sz\u00e1ll\u00edtott\u00e1k k\u00f3rh\u00e1zba.<\/p>\n\n\n\n<figure><iframe loading=\"lazy\" allowfullscreen=\"yes\" width=\"640\" height=\"360\" src=\"\/\/tenyek.hu\/neoplayer\/tv2\/embed\/339818_motoros-vagott-ki-a-busz-mogul.html\"><\/iframe><\/figure>\n\n\n\n<figure class=\"wp-block-embed is-type-rich is-provider-atv-hu\"><div class=\"wp-block-embed__wrapper\">\n<blockquote class=\"embedly-card\" data-card-controls=\"1\" data-card-align=\"center\" data-card-theme=\"light\" data-card-key=\"bbb82e0305934450ba516e363ef455a7\"><h4><a href=\"http:\/\/www.atv.hu\/videok\/video-20200810-orszagszerte-tobb-sulyos-baleset-is-tortent-a-hetvegen-video\">ATV.hu<\/a><\/h4><p>Az ATV az els\u0151 mag\u00e1ntelev\u00edzi\u00f3 haz\u00e1nkban. A min\u0151s\u00e9gi, sz\u00ednvonalas, magas \u00e9rt\u00e9krend\u0171 m\u0171sorok k\u00e9sz\u00edt\u00e9s\u00e9t \u00e9s sug\u00e1rz\u00e1s\u00e1t c\u00e9lul kit\u0171z\u0151 kereskedelmi csatorna.<\/p><\/blockquote><script async src=\"\/\/cdn.embedly.com\/widgets\/platform.js\" charset=\"UTF-8\"><\/script>\n<\/div><\/figure>\n","protected":false},"excerpt":{"rendered":"<p>Egy busz m\u00f6g\u00fcl el\u0151z\u00f6tt v\u00e1ratlanul az a motoros, aki front\u00e1lisan karambolozott egy aut\u00f3val.<\/p>\n<p>&nbsp;A sof\u0151r nyilatkozott a T\u00e9nyeknek, azt mondja, hogy az arc\u00e1t is l\u00e1tta volna a motorosnak, ha nincsen rajta a sisak annyira k\u00f6zel v\u00e1gott ki a busz m\u00f6g\u00fcl. Az aut\u00f3b\u00f3l egy n\u0151t vittek el a ment\u0151k, a motorost s\u00falyos s\u00e9r\u00fcl\u00e9sekkel ment\u0151helikopterrel sz\u00e1ll\u00edtott\u00e1k k\u00f3rh\u00e1zba.<\/p>\n<p>ATV.huAz ATV [&#8230;]<\/p>\n","protected":false},"author":4,"featured_media":0,"comment_status":"open","ping_status":"closed","sticky":false,"template":"","format":"standard","meta":{"footnotes":""},"categories":[5],"tags":[41,876,2273,275],"class_list":["post-22006","post","type-post","status-publish","format-standard","hentry","category-kek-hirek","tag-baleset","tag-helikopter","tag-monosbel","tag-motor"],"_links":{"self":[{"href":"https:\/\/www.agriatv.hu\/index.php?rest_route=\/wp\/v2\/posts\/22006","targetHints":{"allow":["GET"]}}],"collection":[{"href":"https:\/\/www.agriatv.hu\/index.php?rest_route=\/wp\/v2\/posts"}],"about":[{"href":"https:\/\/www.agriatv.hu\/index.php?rest_route=\/wp\/v2\/types\/post"}],"author":[{"embeddable":true,"href":"https:\/\/www.agriatv.hu\/index.php?rest_route=\/wp\/v2\/users\/4"}],"replies":[{"embeddable":true,"href":"https:\/\/www.agriatv.hu\/index.php?rest_route=%2Fwp%2Fv2%2Fcomments&post=22006"}],"version-history":[{"count":2,"href":"https:\/\/www.agriatv.hu\/index.php?rest_route=\/wp\/v2\/posts\/22006\/revisions"}],"predecessor-version":[{"id":22017,"href":"https:\/\/www.agriatv.hu\/index.php?rest_route=\/wp\/v2\/posts\/22006\/revisions\/22017"}],"wp:attachment":[{"href":"https:\/\/www.agriatv.hu\/index.php?rest_route=%2Fwp%2Fv2%2Fmedia&parent=22006"}],"wp:term":[{"taxonomy":"category","embeddable":true,"href":"https:\/\/www.agriatv.hu\/index.php?rest_route=%2Fwp%2Fv2%2Fcategories&post=22006"},{"taxonomy":"post_tag","embeddable":true,"href":"https:\/\/www.agriatv.hu\/index.php?rest_route=%2Fwp%2Fv2%2Ftags&post=22006"}],"curies":[{"name":"wp","href":"https:\/\/api.w.org\/{rel}","templated":true}]}}