{"id":22009,"date":"2020-08-09T17:41:14","date_gmt":"2020-08-09T17:41:14","guid":{"rendered":"http:\/\/www.agriatv.hu\/?p=22009"},"modified":"2020-08-09T17:41:33","modified_gmt":"2020-08-09T17:41:33","slug":"tragedia-motoros-vesztette-eletet-egy-balesetben-terpes-es-bukkszek-kozott","status":"publish","type":"post","link":"https:\/\/www.agriatv.hu\/?p=22009","title":{"rendered":"Vide\u00f3: motoros vesztette \u00e9let\u00e9t egy balesetben Terpes \u00e9s B\u00fckksz\u00e9k k\u00f6z\u00f6tt"},"content":{"rendered":"\n<div class=\"wp-block-image\"><figure class=\"alignleft size-large is-resized\"><img loading=\"lazy\" decoding=\"async\" src=\"https:\/\/www.agriatv.hu\/wp-content\/uploads\/2020\/08\/f-3-1024x576.jpg\" alt=\"\" class=\"wp-image-22010\" width=\"174\" height=\"98\" srcset=\"https:\/\/www.agriatv.hu\/wp-content\/uploads\/2020\/08\/f-3-1024x576.jpg 1024w, https:\/\/www.agriatv.hu\/wp-content\/uploads\/2020\/08\/f-3-300x169.jpg 300w, https:\/\/www.agriatv.hu\/wp-content\/uploads\/2020\/08\/f-3-768x432.jpg 768w, https:\/\/www.agriatv.hu\/wp-content\/uploads\/2020\/08\/f-3-1536x864.jpg 1536w, https:\/\/www.agriatv.hu\/wp-content\/uploads\/2020\/08\/f-3.jpg 1920w\" sizes=\"auto, (max-width: 174px) 100vw, 174px\" \/><\/figure><\/div>\n\n\n\n<p>A jelenleg rendelkez\u00e9sre \u00e1ll\u00f3 adatok alapj\u00e1n 2020. augusztus 9-\u00e9n 14 \u00f3ra 50 perc k\u00f6r\u00fcl a 24123-as sz\u00e1m\u00fa \u00faton Terpes \u00e9s B\u00fckksz\u00e9k k\u00f6z\u00f6tt egy motorker\u00e9kp\u00e1ros \u00e9s egy szem\u00e9lyaut\u00f3 \u00f6ssze\u00fctk\u00f6z\u00f6tt. L\u00e1z\u00e1r Levente rend\u0151rs\u00e9gi sajt\u00f3referens t\u00e1j\u00e9koztat\u00e1sa szerint a baleset k\u00f6vetkezt\u00e9ben a motor vezet\u0151je a helysz\u00ednen \u00e9let\u00e9t vesztette.<\/p>\n\n\n\n<p>Inform\u00e1ci\u00f3nk szerint a baleset \u00e1ldozata egy 27 \u00e9ves csongr\u00e1di f\u00e9rfi, akit a ment\u0151k a helysz\u00ednen mintegy 50 percig pr\u00f3b\u00e1ltak \u00fajra\u00e9leszteni, sajnos sikertelen\u00fcl.<\/p>\n\n\n\n<p>\u00dagy tudjuk, a szerencs\u00e9tlen\u00fcl j\u00e1rt motoros m\u00e1sik k\u00e9t t\u00e1rs\u00e1val \u00e9ppen hazafel\u00e9 indult B\u00fckksz\u00e9kr\u0151l. \u0150 a csapat v\u00e9g\u00e9n motorozott.  Nem mentek gyorsan, a nyomok alapj\u00e1n mintegy 60-70km\/\u00f3r\u00e1s sebess\u00e9ggel. A f\u00e9rfi -egyel\u0151re tiszt\u00e1zatlan okok miatt &#8211; f\u00e9kez\u00e9s n\u00e9lk\u00fcl, egyenesen hajtott a kanyarban a szembej\u00f6v\u0151 s\u00e1vba, ahol \u00fctk\u00f6z\u00f6tt egy szem\u00e9lyg\u00e9pkocsival.<\/p>\n\n\n\n<p>A helysz\u00ednel\u00e9s idej\u00e9re teljes \u00fatlez\u00e1r\u00e1s volt \u00e9rv\u00e9nyben az \u00e9rintett \u00fatszakaszon. A baleset k\u00f6r\u00fclm\u00e9nyeit szak\u00e9rt\u0151 bevon\u00e1s\u00e1val vizsg\u00e1lj\u00e1k.<\/p>\n\n\n\n<figure class=\"wp-block-embed-youtube wp-block-embed is-type-rich is-provider-youtube\"><div class=\"wp-block-embed__wrapper\">\n<blockquote class=\"embedly-card\" data-card-controls=\"1\" data-card-align=\"center\" data-card-theme=\"light\" data-card-key=\"bbb82e0305934450ba516e363ef455a7\"><h4><a href=\"https:\/\/youtu.be\/AxOr3rhOxRk\">200809motoros bukkszek y<\/a><\/h4><p>No Description<\/p><\/blockquote><script async src=\"\/\/cdn.embedly.com\/widgets\/platform.js\" charset=\"UTF-8\"><\/script>\n<\/div><\/figure>\n","protected":false},"excerpt":{"rendered":"<p>A jelenleg rendelkez\u00e9sre \u00e1ll\u00f3 adatok alapj\u00e1n 2020. augusztus 9-\u00e9n 14 \u00f3ra 50 perc k\u00f6r\u00fcl a 24123-as sz\u00e1m\u00fa \u00faton Terpes \u00e9s B\u00fckksz\u00e9k k\u00f6z\u00f6tt egy motorker\u00e9kp\u00e1ros \u00e9s egy szem\u00e9lyaut\u00f3 \u00f6ssze\u00fctk\u00f6z\u00f6tt. L\u00e1z\u00e1r Levente rend\u0151rs\u00e9gi sajt\u00f3referens t\u00e1j\u00e9koztat\u00e1sa szerint a baleset k\u00f6vetkezt\u00e9ben a motor vezet\u0151je a helysz\u00ednen \u00e9let\u00e9t vesztette.<\/p>\n<p>Inform\u00e1ci\u00f3nk szerint a baleset \u00e1ldozata egy 27 \u00e9ves csongr\u00e1di f\u00e9rfi, akit a [&#8230;]<\/p>\n","protected":false},"author":4,"featured_media":0,"comment_status":"open","ping_status":"closed","sticky":false,"template":"","format":"standard","meta":{"footnotes":""},"categories":[5],"tags":[41,1159,771,39,122],"class_list":["post-22009","post","type-post","status-publish","format-standard","hentry","category-kek-hirek","tag-baleset","tag-bukkszek","tag-halal","tag-motoros","tag-rendorseg"],"_links":{"self":[{"href":"https:\/\/www.agriatv.hu\/index.php?rest_route=\/wp\/v2\/posts\/22009","targetHints":{"allow":["GET"]}}],"collection":[{"href":"https:\/\/www.agriatv.hu\/index.php?rest_route=\/wp\/v2\/posts"}],"about":[{"href":"https:\/\/www.agriatv.hu\/index.php?rest_route=\/wp\/v2\/types\/post"}],"author":[{"embeddable":true,"href":"https:\/\/www.agriatv.hu\/index.php?rest_route=\/wp\/v2\/users\/4"}],"replies":[{"embeddable":true,"href":"https:\/\/www.agriatv.hu\/index.php?rest_route=%2Fwp%2Fv2%2Fcomments&post=22009"}],"version-history":[{"count":3,"href":"https:\/\/www.agriatv.hu\/index.php?rest_route=\/wp\/v2\/posts\/22009\/revisions"}],"predecessor-version":[{"id":22013,"href":"https:\/\/www.agriatv.hu\/index.php?rest_route=\/wp\/v2\/posts\/22009\/revisions\/22013"}],"wp:attachment":[{"href":"https:\/\/www.agriatv.hu\/index.php?rest_route=%2Fwp%2Fv2%2Fmedia&parent=22009"}],"wp:term":[{"taxonomy":"category","embeddable":true,"href":"https:\/\/www.agriatv.hu\/index.php?rest_route=%2Fwp%2Fv2%2Fcategories&post=22009"},{"taxonomy":"post_tag","embeddable":true,"href":"https:\/\/www.agriatv.hu\/index.php?rest_route=%2Fwp%2Fv2%2Ftags&post=22009"}],"curies":[{"name":"wp","href":"https:\/\/api.w.org\/{rel}","templated":true}]}}