{"id":22018,"date":"2020-08-10T17:44:07","date_gmt":"2020-08-10T17:44:07","guid":{"rendered":"http:\/\/www.agriatv.hu\/?p=22018"},"modified":"2020-08-10T17:44:09","modified_gmt":"2020-08-10T17:44:09","slug":"szelvedonek-utkozott-fejjel-meghalt","status":"publish","type":"post","link":"https:\/\/www.agriatv.hu\/?p=22018","title":{"rendered":"Sz\u00e9lv\u00e9d\u0151nek \u00fctk\u00f6z\u00f6tt fejjel, meghalt"},"content":{"rendered":"\n<div class=\"wp-block-image\"><figure class=\"alignleft size-large is-resized\"><img loading=\"lazy\" decoding=\"async\" src=\"https:\/\/www.agriatv.hu\/wp-content\/uploads\/2020\/08\/29110385.325x183.jpg\" alt=\"\" class=\"wp-image-22019\" width=\"186\" height=\"105\" srcset=\"https:\/\/www.agriatv.hu\/wp-content\/uploads\/2020\/08\/29110385.325x183.jpg 325w, https:\/\/www.agriatv.hu\/wp-content\/uploads\/2020\/08\/29110385.325x183-300x169.jpg 300w\" sizes=\"auto, (max-width: 186px) 100vw, 186px\" \/><\/figure><\/div>\n\n\n\n<p>Brut\u00e1lis baleset t\u00f6rt\u00e9nt B\u00fckksz\u00e9kn\u00e9l, egy motoros halt meg, miut\u00e1n front\u00e1lisan nekicsap\u00f3dott egy aut\u00f3nak. \u00dagy tudjuk, a 27 \u00e9ves csongr\u00e1di f\u00e9rfi az ismer\u0151seivel ment volna haza, amikor egy kanyarban egyenesen \u00e1thajtott a szembes\u00e1vba. Akkora erej\u0171 volt az \u00fctk\u00f6z\u00e9s, hogy a motoros feje a sz\u00e9lv\u00e9d\u0151nek csap\u00f3dott. K\u00f6zel egy \u00f3r\u00e1n kereszt\u00fcl pr\u00f3b\u00e1lt\u00e1k \u00fajra\u00e9leszteni, de nem siker\u00fclt, a helysz\u00ednen meghalt.<\/p>\n\n\n\n<figure><iframe loading=\"lazy\" allowfullscreen=\"yes\" width=\"640\" height=\"360\" src=\"\/\/tenyek.hu\/neoplayer\/tv2\/embed\/339960_szelvedonek-utkozott-fejjel-meghalt.html\"><\/iframe><\/figure>\n\n\n\n<figure class=\"wp-block-embed is-type-rich is-provider-rtl\"><div class=\"wp-block-embed__wrapper\">\n<blockquote class=\"embedly-card\" data-card-controls=\"1\" data-card-align=\"center\" data-card-theme=\"light\" data-card-key=\"bbb82e0305934450ba516e363ef455a7\"><h4><a href=\"https:\/\/rtl.hu\/rtlklub\/hirek\/fekezes-nelkul-szembe-savban-hajto-kocsiba-rohant-a-motoros\">RTL.hu<\/a><\/h4><p>No Description<\/p><\/blockquote><script async src=\"\/\/cdn.embedly.com\/widgets\/platform.js\" charset=\"UTF-8\"><\/script>\n<\/div><\/figure>\n","protected":false},"excerpt":{"rendered":"<p>Brut\u00e1lis baleset t\u00f6rt\u00e9nt B\u00fckksz\u00e9kn\u00e9l, egy motoros halt meg, miut\u00e1n front\u00e1lisan nekicsap\u00f3dott egy aut\u00f3nak. \u00dagy tudjuk, a 27 \u00e9ves csongr\u00e1di f\u00e9rfi az ismer\u0151seivel ment volna haza, amikor egy kanyarban egyenesen \u00e1thajtott a szembes\u00e1vba. Akkora erej\u0171 volt az \u00fctk\u00f6z\u00e9s, hogy a motoros feje a sz\u00e9lv\u00e9d\u0151nek csap\u00f3dott. K\u00f6zel egy \u00f3r\u00e1n kereszt\u00fcl pr\u00f3b\u00e1lt\u00e1k \u00fajra\u00e9leszteni, de nem siker\u00fclt, a helysz\u00ednen [&#8230;]<\/p>\n","protected":false},"author":4,"featured_media":0,"comment_status":"open","ping_status":"closed","sticky":false,"template":"","format":"standard","meta":{"footnotes":""},"categories":[5],"tags":[41,1159,876,1779,39],"class_list":["post-22018","post","type-post","status-publish","format-standard","hentry","category-kek-hirek","tag-baleset","tag-bukkszek","tag-helikopter","tag-kanyar","tag-motoros"],"_links":{"self":[{"href":"https:\/\/www.agriatv.hu\/index.php?rest_route=\/wp\/v2\/posts\/22018","targetHints":{"allow":["GET"]}}],"collection":[{"href":"https:\/\/www.agriatv.hu\/index.php?rest_route=\/wp\/v2\/posts"}],"about":[{"href":"https:\/\/www.agriatv.hu\/index.php?rest_route=\/wp\/v2\/types\/post"}],"author":[{"embeddable":true,"href":"https:\/\/www.agriatv.hu\/index.php?rest_route=\/wp\/v2\/users\/4"}],"replies":[{"embeddable":true,"href":"https:\/\/www.agriatv.hu\/index.php?rest_route=%2Fwp%2Fv2%2Fcomments&post=22018"}],"version-history":[{"count":2,"href":"https:\/\/www.agriatv.hu\/index.php?rest_route=\/wp\/v2\/posts\/22018\/revisions"}],"predecessor-version":[{"id":22021,"href":"https:\/\/www.agriatv.hu\/index.php?rest_route=\/wp\/v2\/posts\/22018\/revisions\/22021"}],"wp:attachment":[{"href":"https:\/\/www.agriatv.hu\/index.php?rest_route=%2Fwp%2Fv2%2Fmedia&parent=22018"}],"wp:term":[{"taxonomy":"category","embeddable":true,"href":"https:\/\/www.agriatv.hu\/index.php?rest_route=%2Fwp%2Fv2%2Fcategories&post=22018"},{"taxonomy":"post_tag","embeddable":true,"href":"https:\/\/www.agriatv.hu\/index.php?rest_route=%2Fwp%2Fv2%2Ftags&post=22018"}],"curies":[{"name":"wp","href":"https:\/\/api.w.org\/{rel}","templated":true}]}}