{"id":22034,"date":"2020-08-15T18:52:50","date_gmt":"2020-08-15T18:52:50","guid":{"rendered":"http:\/\/www.agriatv.hu\/?p=22034"},"modified":"2020-08-15T18:52:51","modified_gmt":"2020-08-15T18:52:51","slug":"kukaba-dobtak-a-kiskutyat","status":"publish","type":"post","link":"https:\/\/www.agriatv.hu\/?p=22034","title":{"rendered":"Kuk\u00e1ba dobt\u00e1k a kiskuty\u00e1t"},"content":{"rendered":"\n<div class=\"wp-block-image\"><figure class=\"alignleft size-large is-resized\"><img loading=\"lazy\" decoding=\"async\" src=\"https:\/\/www.agriatv.hu\/wp-content\/uploads\/2020\/08\/99991037.325x183.jpg\" alt=\"\" class=\"wp-image-22035\" width=\"197\" height=\"111\" srcset=\"https:\/\/www.agriatv.hu\/wp-content\/uploads\/2020\/08\/99991037.325x183.jpg 325w, https:\/\/www.agriatv.hu\/wp-content\/uploads\/2020\/08\/99991037.325x183-300x169.jpg 300w\" sizes=\"auto, (max-width: 197px) 100vw, 197px\" \/><\/figure><\/div>\n\n\n\n<p><strong>Szelekt\u00edv hullad\u00e9kgy\u0171jt\u0151be dobtak egy k\u00f6ly\u00f6kkuty\u00e1t J\u00e1szkis\u00e9ren.<\/strong><\/p>\n\n\n\n<p>Keservesen s\u00edrt, ezt hallotta meg egy k\u00f6zeli \u00fczlet vezet\u0151je, azonnal h\u00edvta az \u00e1llatv\u00e9d\u0151ket \u00e9s a rend\u0151r\u00f6ket is. A kiskutya m\u00e1r majdnem elpusztult, alig kapott leveg\u0151t a tikkaszt\u00f3 h\u0151s\u00e9gben a rengeteg szem\u00e9t k\u00f6z\u00f6tt \u00e9s sz\u00f6rny\u0171 \u00e1llapotban volt. Az\u00f3ta viszont m\u00e1r jobban van, hamarosan gazd\u00e1t is keresnek neki.<\/p>\n\n\n\n<figure><iframe loading=\"lazy\" allowfullscreen=\"yes\" width=\"640\" height=\"360\" src=\"\/\/tenyek.hu\/neoplayer\/tv2\/embed\/340452_kukaba-dobtak-a-kiskutyat.html\"><\/iframe><\/figure>\n","protected":false},"excerpt":{"rendered":"<p>Szelekt\u00edv hullad\u00e9kgy\u0171jt\u0151be dobtak egy k\u00f6ly\u00f6kkuty\u00e1t J\u00e1szkis\u00e9ren.<\/p>\n<p>Keservesen s\u00edrt, ezt hallotta meg egy k\u00f6zeli \u00fczlet vezet\u0151je, azonnal h\u00edvta az \u00e1llatv\u00e9d\u0151ket \u00e9s a rend\u0151r\u00f6ket is. A kiskutya m\u00e1r majdnem elpusztult, alig kapott leveg\u0151t a tikkaszt\u00f3 h\u0151s\u00e9gben a rengeteg szem\u00e9t k\u00f6z\u00f6tt \u00e9s sz\u00f6rny\u0171 \u00e1llapotban volt. Az\u00f3ta viszont m\u00e1r jobban van, hamarosan gazd\u00e1t is keresnek neki.<\/p>\n","protected":false},"author":4,"featured_media":0,"comment_status":"open","ping_status":"closed","sticky":false,"template":"","format":"standard","meta":{"footnotes":""},"categories":[6,4],"tags":[3530,2091,832],"class_list":["post-22034","post","type-post","status-publish","format-standard","hentry","category-belfold","category-szabadido","tag-jaszkiser","tag-kuka","tag-kutya"],"_links":{"self":[{"href":"https:\/\/www.agriatv.hu\/index.php?rest_route=\/wp\/v2\/posts\/22034","targetHints":{"allow":["GET"]}}],"collection":[{"href":"https:\/\/www.agriatv.hu\/index.php?rest_route=\/wp\/v2\/posts"}],"about":[{"href":"https:\/\/www.agriatv.hu\/index.php?rest_route=\/wp\/v2\/types\/post"}],"author":[{"embeddable":true,"href":"https:\/\/www.agriatv.hu\/index.php?rest_route=\/wp\/v2\/users\/4"}],"replies":[{"embeddable":true,"href":"https:\/\/www.agriatv.hu\/index.php?rest_route=%2Fwp%2Fv2%2Fcomments&post=22034"}],"version-history":[{"count":1,"href":"https:\/\/www.agriatv.hu\/index.php?rest_route=\/wp\/v2\/posts\/22034\/revisions"}],"predecessor-version":[{"id":22036,"href":"https:\/\/www.agriatv.hu\/index.php?rest_route=\/wp\/v2\/posts\/22034\/revisions\/22036"}],"wp:attachment":[{"href":"https:\/\/www.agriatv.hu\/index.php?rest_route=%2Fwp%2Fv2%2Fmedia&parent=22034"}],"wp:term":[{"taxonomy":"category","embeddable":true,"href":"https:\/\/www.agriatv.hu\/index.php?rest_route=%2Fwp%2Fv2%2Fcategories&post=22034"},{"taxonomy":"post_tag","embeddable":true,"href":"https:\/\/www.agriatv.hu\/index.php?rest_route=%2Fwp%2Fv2%2Ftags&post=22034"}],"curies":[{"name":"wp","href":"https:\/\/api.w.org\/{rel}","templated":true}]}}