{"id":22057,"date":"2020-08-19T19:54:21","date_gmt":"2020-08-19T19:54:21","guid":{"rendered":"http:\/\/www.agriatv.hu\/?p=22057"},"modified":"2020-08-19T19:54:22","modified_gmt":"2020-08-19T19:54:22","slug":"reszeg-gyalogost-gazoltak-halalra","status":"publish","type":"post","link":"https:\/\/www.agriatv.hu\/?p=22057","title":{"rendered":"R\u00e9szeg gyalogost g\u00e1zoltak hal\u00e1lra"},"content":{"rendered":"\n<div class=\"wp-block-image\"><figure class=\"alignleft size-large is-resized\"><img loading=\"lazy\" decoding=\"async\" src=\"https:\/\/www.agriatv.hu\/wp-content\/uploads\/2020\/08\/36950533.325x183.jpg\" alt=\"\" class=\"wp-image-22058\" width=\"224\" height=\"126\" srcset=\"https:\/\/www.agriatv.hu\/wp-content\/uploads\/2020\/08\/36950533.325x183.jpg 325w, https:\/\/www.agriatv.hu\/wp-content\/uploads\/2020\/08\/36950533.325x183-300x169.jpg 300w\" sizes=\"auto, (max-width: 224px) 100vw, 224px\" \/><\/figure><\/div>\n\n\n\n<p><strong>R\u00e9szegen akart \u00e1tmenni a hats\u00e1vos \u00faton egy f\u00e9rfi Vizsl\u00e1s-\u00dajlak \u00e9s Salg\u00f3tarj\u00e1n k\u00f6z\u00f6tt, hal\u00e1lra g\u00e1zolt\u00e1k.<\/strong><\/p>\n\n\n\n<p>A 67 \u00e9ves f\u00e9rfi s\u00f6t\u00e9t ruh\u00e1ban volt, amikor hatalmas sebess\u00e9ggel el\u00fct\u00f6tte egy aut\u00f3s. A trag\u00e9dia el\u0151tt egy f\u00e9rfi az interneten arra figyelmeztette a t\u00f6bbi sof\u0151rt, hogy vigy\u00e1zzanak, mert egy r\u00e9szeg f\u00e9rfi m\u00e1szk\u00e1l az \u00faton. A szak\u00e9rt\u0151 szerint, ha nincs egy gyalogoson l\u00e1that\u00f3s\u00e1gi mell\u00e9ny, nagyon k\u00f6nnyen t\u00f6rt\u00e9nik ilyen trag\u00e9dia.<\/p>\n\n\n\n<figure class=\"wp-block-embed is-type-rich is-provider-tenyek\"><div class=\"wp-block-embed__wrapper\">\n<blockquote class=\"embedly-card\" data-card-controls=\"1\" data-card-align=\"center\" data-card-theme=\"light\" data-card-key=\"bbb82e0305934450ba516e363ef455a7\"><h4><a href=\"http:\/\/tenyek.hu\/neoplayer\/tv2\/embed\/340803_reszeg-gyalogost-gazoltak-halalr.html\">T\u00e9nyek<\/a><\/h4><p>No Description<\/p><\/blockquote><script async src=\"\/\/cdn.embedly.com\/widgets\/platform.js\" charset=\"UTF-8\"><\/script>\n<\/div><\/figure>\n","protected":false},"excerpt":{"rendered":"<p>R\u00e9szegen akart \u00e1tmenni a hats\u00e1vos \u00faton egy f\u00e9rfi Vizsl\u00e1s-\u00dajlak \u00e9s Salg\u00f3tarj\u00e1n k\u00f6z\u00f6tt, hal\u00e1lra g\u00e1zolt\u00e1k.<\/p>\n<p>A 67 \u00e9ves f\u00e9rfi s\u00f6t\u00e9t ruh\u00e1ban volt, amikor hatalmas sebess\u00e9ggel el\u00fct\u00f6tte egy aut\u00f3s. A trag\u00e9dia el\u0151tt egy f\u00e9rfi az interneten arra figyelmeztette a t\u00f6bbi sof\u0151rt, hogy vigy\u00e1zzanak, mert egy r\u00e9szeg f\u00e9rfi m\u00e1szk\u00e1l az \u00faton. A szak\u00e9rt\u0151 szerint, ha nincs egy gyalogoson l\u00e1that\u00f3s\u00e1gi [&#8230;]<\/p>\n","protected":false},"author":4,"featured_media":0,"comment_status":"open","ping_status":"closed","sticky":false,"template":"","format":"standard","meta":{"footnotes":""},"categories":[5],"tags":[1586,396,1767,122,3533,3225],"class_list":["post-22057","post","type-post","status-publish","format-standard","hentry","category-kek-hirek","tag-gazolas","tag-gyalogos","tag-mentok","tag-rendorseg","tag-sotest","tag-vizslas"],"_links":{"self":[{"href":"https:\/\/www.agriatv.hu\/index.php?rest_route=\/wp\/v2\/posts\/22057","targetHints":{"allow":["GET"]}}],"collection":[{"href":"https:\/\/www.agriatv.hu\/index.php?rest_route=\/wp\/v2\/posts"}],"about":[{"href":"https:\/\/www.agriatv.hu\/index.php?rest_route=\/wp\/v2\/types\/post"}],"author":[{"embeddable":true,"href":"https:\/\/www.agriatv.hu\/index.php?rest_route=\/wp\/v2\/users\/4"}],"replies":[{"embeddable":true,"href":"https:\/\/www.agriatv.hu\/index.php?rest_route=%2Fwp%2Fv2%2Fcomments&post=22057"}],"version-history":[{"count":1,"href":"https:\/\/www.agriatv.hu\/index.php?rest_route=\/wp\/v2\/posts\/22057\/revisions"}],"predecessor-version":[{"id":22059,"href":"https:\/\/www.agriatv.hu\/index.php?rest_route=\/wp\/v2\/posts\/22057\/revisions\/22059"}],"wp:attachment":[{"href":"https:\/\/www.agriatv.hu\/index.php?rest_route=%2Fwp%2Fv2%2Fmedia&parent=22057"}],"wp:term":[{"taxonomy":"category","embeddable":true,"href":"https:\/\/www.agriatv.hu\/index.php?rest_route=%2Fwp%2Fv2%2Fcategories&post=22057"},{"taxonomy":"post_tag","embeddable":true,"href":"https:\/\/www.agriatv.hu\/index.php?rest_route=%2Fwp%2Fv2%2Ftags&post=22057"}],"curies":[{"name":"wp","href":"https:\/\/api.w.org\/{rel}","templated":true}]}}