{"id":22063,"date":"2020-08-20T17:39:59","date_gmt":"2020-08-20T17:39:59","guid":{"rendered":"http:\/\/www.agriatv.hu\/?p=22063"},"modified":"2020-08-20T17:42:10","modified_gmt":"2020-08-20T17:42:10","slug":"telt-haz-van-az-orszag-szallodaiban-a-4-napos-hetvegen","status":"publish","type":"post","link":"https:\/\/www.agriatv.hu\/?p=22063","title":{"rendered":"Telt h\u00e1z van az orsz\u00e1g sz\u00e1llod\u00e1iban a 4 napos h\u00e9tv\u00e9g\u00e9n"},"content":{"rendered":"\n<div class=\"wp-block-image\"><figure class=\"alignleft size-large\"><img loading=\"lazy\" decoding=\"async\" width=\"240\" height=\"135\" src=\"https:\/\/www.agriatv.hu\/wp-content\/uploads\/2020\/08\/e3000.jpg\" alt=\"\" class=\"wp-image-22064\"\/><\/figure><\/div>\n\n\n\n<p>Telth\u00e1zas a legt\u00f6bb belf\u00f6ldi sz\u00e1ll\u00e1shely a hossz\u00fa h\u00e9tv\u00e9ge idej\u00e9re. T\u00f6bb helyen m\u00e1r kihelyezhet\u0151 lenne a megtelt t\u00e1bla az \u00fcd\u00fcl\u0151helyeken. A legt\u00f6bb sz\u00e1lloda extra programokkal v\u00e1rja a vend\u00e9geket.<\/p>\n\n\n\n<figure class=\"wp-block-embed is-type-rich is-provider-atv-hu\"><div class=\"wp-block-embed__wrapper\">\n<blockquote class=\"embedly-card\" data-card-controls=\"1\" data-card-align=\"center\" data-card-theme=\"light\" data-card-key=\"bbb82e0305934450ba516e363ef455a7\"><h4><a href=\"http:\/\/www.atv.hu\/videok\/video-20200820-telt-haz-van-az-orszag-szallodaiban-a-4-napos-hetvegen\">ATV.hu<\/a><\/h4><p>Az ATV az els\u0151 mag\u00e1ntelev\u00edzi\u00f3 haz\u00e1nkban. A min\u0151s\u00e9gi, sz\u00ednvonalas, magas \u00e9rt\u00e9krend\u0171 m\u0171sorok k\u00e9sz\u00edt\u00e9s\u00e9t \u00e9s sug\u00e1rz\u00e1s\u00e1t c\u00e9lul kit\u0171z\u0151 kereskedelmi csatorna.<\/p><\/blockquote><script async src=\"\/\/cdn.embedly.com\/widgets\/platform.js\" charset=\"UTF-8\"><\/script>\n<\/div><\/figure>\n","protected":false},"excerpt":{"rendered":"<p>Telth\u00e1zas a legt\u00f6bb belf\u00f6ldi sz\u00e1ll\u00e1shely a hossz\u00fa h\u00e9tv\u00e9ge idej\u00e9re. T\u00f6bb helyen m\u00e1r kihelyezhet\u0151 lenne a megtelt t\u00e1bla az \u00fcd\u00fcl\u0151helyeken. A legt\u00f6bb sz\u00e1lloda extra programokkal v\u00e1rja a vend\u00e9geket.<\/p>\n<p>ATV.huAz ATV az els\u0151 mag\u00e1ntelev\u00edzi\u00f3 haz\u00e1nkban. A min\u0151s\u00e9gi, sz\u00ednvonalas, magas \u00e9rt\u00e9krend\u0171 m\u0171sorok k\u00e9sz\u00edt\u00e9s\u00e9t \u00e9s sug\u00e1rz\u00e1s\u00e1t c\u00e9lul kit\u0171z\u0151 kereskedelmi csatorna.<\/p>\n","protected":false},"author":4,"featured_media":0,"comment_status":"open","ping_status":"closed","sticky":false,"template":"","format":"standard","meta":{"footnotes":""},"categories":[6,4],"tags":[2757,2723,389,754,157],"class_list":["post-22063","post","type-post","status-publish","format-standard","hentry","category-belfold","category-szabadido","tag-hetvege","tag-pihenes","tag-program","tag-szalloda","tag-unnep"],"_links":{"self":[{"href":"https:\/\/www.agriatv.hu\/index.php?rest_route=\/wp\/v2\/posts\/22063","targetHints":{"allow":["GET"]}}],"collection":[{"href":"https:\/\/www.agriatv.hu\/index.php?rest_route=\/wp\/v2\/posts"}],"about":[{"href":"https:\/\/www.agriatv.hu\/index.php?rest_route=\/wp\/v2\/types\/post"}],"author":[{"embeddable":true,"href":"https:\/\/www.agriatv.hu\/index.php?rest_route=\/wp\/v2\/users\/4"}],"replies":[{"embeddable":true,"href":"https:\/\/www.agriatv.hu\/index.php?rest_route=%2Fwp%2Fv2%2Fcomments&post=22063"}],"version-history":[{"count":3,"href":"https:\/\/www.agriatv.hu\/index.php?rest_route=\/wp\/v2\/posts\/22063\/revisions"}],"predecessor-version":[{"id":22067,"href":"https:\/\/www.agriatv.hu\/index.php?rest_route=\/wp\/v2\/posts\/22063\/revisions\/22067"}],"wp:attachment":[{"href":"https:\/\/www.agriatv.hu\/index.php?rest_route=%2Fwp%2Fv2%2Fmedia&parent=22063"}],"wp:term":[{"taxonomy":"category","embeddable":true,"href":"https:\/\/www.agriatv.hu\/index.php?rest_route=%2Fwp%2Fv2%2Fcategories&post=22063"},{"taxonomy":"post_tag","embeddable":true,"href":"https:\/\/www.agriatv.hu\/index.php?rest_route=%2Fwp%2Fv2%2Ftags&post=22063"}],"curies":[{"name":"wp","href":"https:\/\/api.w.org\/{rel}","templated":true}]}}