{"id":22124,"date":"2020-09-11T18:31:00","date_gmt":"2020-09-11T18:31:00","guid":{"rendered":"http:\/\/www.agriatv.hu\/?p=22124"},"modified":"2020-09-11T18:31:03","modified_gmt":"2020-09-11T18:31:03","slug":"beragadt-gazkar-miatt-utkozott-fanak","status":"publish","type":"post","link":"https:\/\/www.agriatv.hu\/?p=22124","title":{"rendered":"Beragadt g\u00e1zkar miatt \u00fctk\u00f6z\u00f6tt f\u00e1nak"},"content":{"rendered":"\n<div class=\"wp-block-image\"><figure class=\"alignleft size-large is-resized\"><img loading=\"lazy\" decoding=\"async\" src=\"https:\/\/www.agriatv.hu\/wp-content\/uploads\/2020\/09\/93206108.325x183.jpg\" alt=\"\" class=\"wp-image-22125\" width=\"222\" height=\"125\" srcset=\"https:\/\/www.agriatv.hu\/wp-content\/uploads\/2020\/09\/93206108.325x183.jpg 325w, https:\/\/www.agriatv.hu\/wp-content\/uploads\/2020\/09\/93206108.325x183-300x169.jpg 300w\" sizes=\"auto, (max-width: 222px) 100vw, 222px\" \/><\/figure><\/div>\n\n\n\n<p>A beragadt g\u00e1zkar miatt csap\u00f3dott f\u00e1nak \u00e9s s\u00e9r\u00fclt meg \u00e9letvesz\u00e9lyesen egy motoros Egern\u00e9l, ma reggel. Hatalmas sebess\u00e9ggel \u00fctk\u00f6z\u00f6tt a f\u00e1nak, m\u00e9g a keszty\u0171j\u00e9t \u00e9s a sisakv\u00e9d\u0151j\u00e9nek egy darabj\u00e1t is t\u00f6bb m\u00e9terre tal\u00e1lt\u00e1k meg a becsap\u00f3d\u00e1st\u00f3l. A f\u00e9rfi olyan s\u00falyos k\u00fcls\u0151 \u00e9s bels\u0151 s\u00e9r\u00fcl\u00e9seket szenvedett, hogy ment\u0151helikopterrel kellett k\u00f3rh\u00e1zba sz\u00e1ll\u00edtani.<\/p>\n\n\n\n<figure class=\"wp-block-embed is-type-rich is-provider-tenyek\"><div class=\"wp-block-embed__wrapper\">\n<blockquote class=\"embedly-card\" data-card-controls=\"1\" data-card-align=\"center\" data-card-theme=\"light\" data-card-key=\"bbb82e0305934450ba516e363ef455a7\"><h4><a href=\"http:\/\/tenyek.hu\/neoplayer\/tv2\/embed\/343491_beragadt-gazkar-miatt-utkozott-fanak.html\">T\u00e9nyek<\/a><\/h4><p>No Description<\/p><\/blockquote><script async src=\"\/\/cdn.embedly.com\/widgets\/platform.js\" charset=\"UTF-8\"><\/script>\n<\/div><\/figure>\n","protected":false},"excerpt":{"rendered":"<p>A beragadt g\u00e1zkar miatt csap\u00f3dott f\u00e1nak \u00e9s s\u00e9r\u00fclt meg \u00e9letvesz\u00e9lyesen egy motoros Egern\u00e9l, ma reggel. Hatalmas sebess\u00e9ggel \u00fctk\u00f6z\u00f6tt a f\u00e1nak, m\u00e9g a keszty\u0171j\u00e9t \u00e9s a sisakv\u00e9d\u0151j\u00e9nek egy darabj\u00e1t is t\u00f6bb m\u00e9terre tal\u00e1lt\u00e1k meg a becsap\u00f3d\u00e1st\u00f3l. A f\u00e9rfi olyan s\u00falyos k\u00fcls\u0151 \u00e9s bels\u0151 s\u00e9r\u00fcl\u00e9seket szenvedett, hogy ment\u0151helikopterrel kellett k\u00f3rh\u00e1zba sz\u00e1ll\u00edtani.<\/p>\n<p>T\u00e9nyekNo Description<\/p>\n","protected":false},"author":4,"featured_media":0,"comment_status":"open","ping_status":"closed","sticky":false,"template":"","format":"standard","meta":{"footnotes":""},"categories":[5],"tags":[41,36,1128,876,275,1263],"class_list":["post-22124","post","type-post","status-publish","format-standard","hentry","category-kek-hirek","tag-baleset","tag-eger","tag-gaz","tag-helikopter","tag-motor","tag-serules"],"_links":{"self":[{"href":"https:\/\/www.agriatv.hu\/index.php?rest_route=\/wp\/v2\/posts\/22124","targetHints":{"allow":["GET"]}}],"collection":[{"href":"https:\/\/www.agriatv.hu\/index.php?rest_route=\/wp\/v2\/posts"}],"about":[{"href":"https:\/\/www.agriatv.hu\/index.php?rest_route=\/wp\/v2\/types\/post"}],"author":[{"embeddable":true,"href":"https:\/\/www.agriatv.hu\/index.php?rest_route=\/wp\/v2\/users\/4"}],"replies":[{"embeddable":true,"href":"https:\/\/www.agriatv.hu\/index.php?rest_route=%2Fwp%2Fv2%2Fcomments&post=22124"}],"version-history":[{"count":1,"href":"https:\/\/www.agriatv.hu\/index.php?rest_route=\/wp\/v2\/posts\/22124\/revisions"}],"predecessor-version":[{"id":22126,"href":"https:\/\/www.agriatv.hu\/index.php?rest_route=\/wp\/v2\/posts\/22124\/revisions\/22126"}],"wp:attachment":[{"href":"https:\/\/www.agriatv.hu\/index.php?rest_route=%2Fwp%2Fv2%2Fmedia&parent=22124"}],"wp:term":[{"taxonomy":"category","embeddable":true,"href":"https:\/\/www.agriatv.hu\/index.php?rest_route=%2Fwp%2Fv2%2Fcategories&post=22124"},{"taxonomy":"post_tag","embeddable":true,"href":"https:\/\/www.agriatv.hu\/index.php?rest_route=%2Fwp%2Fv2%2Ftags&post=22124"}],"curies":[{"name":"wp","href":"https:\/\/api.w.org\/{rel}","templated":true}]}}