{"id":22146,"date":"2020-09-15T17:31:16","date_gmt":"2020-09-15T17:31:16","guid":{"rendered":"http:\/\/www.agriatv.hu\/?p=22146"},"modified":"2020-09-15T17:31:19","modified_gmt":"2020-09-15T17:31:19","slug":"gyerekek-verhettek-halalra-a-hattyut","status":"publish","type":"post","link":"https:\/\/www.agriatv.hu\/?p=22146","title":{"rendered":"Gyerekek verhett\u00e9k hal\u00e1lra a hatty\u00fat"},"content":{"rendered":"\n<div class=\"wp-block-image\"><figure class=\"alignleft size-large is-resized\"><img loading=\"lazy\" decoding=\"async\" src=\"https:\/\/www.agriatv.hu\/wp-content\/uploads\/2020\/09\/23271718.720x405.jpg\" alt=\"\" class=\"wp-image-22147\" width=\"196\" height=\"110\" srcset=\"https:\/\/www.agriatv.hu\/wp-content\/uploads\/2020\/09\/23271718.720x405.jpg 720w, https:\/\/www.agriatv.hu\/wp-content\/uploads\/2020\/09\/23271718.720x405-300x169.jpg 300w\" sizes=\"auto, (max-width: 196px) 100vw, 196px\" \/><\/figure><\/div>\n\n\n\n<p>Brut\u00e1lis \u00e1llatk\u00ednz\u00e1s L\u0151rinciben, hatty\u00fakat vertek kegyetlen fiatalok. A t\u00f3n\u00e1l a r\u00e9gi strandon kir\u00e1ndul\u00f3k tal\u00e1lt\u00e1k meg a h\u00e1rom madarat. K\u00f6z\u00fcl\u00fck egyet hi\u00e1ba vitt mag\u00e1val egy mad\u00e1rment\u0151, azt annyira kegyetlen\u00fcl megvert\u00e9k, hogy n\u00e9h\u00e1ny \u00f3ra m\u00falva elpusztult.<\/p>\n\n\n\n<figure class=\"wp-block-embed is-type-rich is-provider-tenyek\"><div class=\"wp-block-embed__wrapper\">\n<blockquote class=\"embedly-card\" data-card-controls=\"1\" data-card-align=\"center\" data-card-theme=\"light\" data-card-key=\"bbb82e0305934450ba516e363ef455a7\"><h4><a href=\"http:\/\/tenyek.hu\/neoplayer\/tv2\/embed\/343934_gyerekek-verhettek-halalra-a-hattyut.html\">T\u00e9nyek<\/a><\/h4><p>No Description<\/p><\/blockquote><script async src=\"\/\/cdn.embedly.com\/widgets\/platform.js\" charset=\"UTF-8\"><\/script>\n<\/div><\/figure>\n\n\n\n<figure class=\"wp-block-embed is-type-rich is-provider-rtl\"><div class=\"wp-block-embed__wrapper\">\n<blockquote class=\"embedly-card\" data-card-controls=\"1\" data-card-align=\"center\" data-card-theme=\"light\" data-card-key=\"bbb82e0305934450ba516e363ef455a7\"><h4><a href=\"https:\/\/rtl.hu\/rtlklub\/hirek\/botokkal-verhettek-agyon-egy-hattyut-feltehetoen-gyerekek-a-heves-megyei-lorinci-tonal\">RTL.hu<\/a><\/h4><p>No Description<\/p><\/blockquote><script async src=\"\/\/cdn.embedly.com\/widgets\/platform.js\" charset=\"UTF-8\"><\/script>\n<\/div><\/figure>\n","protected":false},"excerpt":{"rendered":"<p>Brut\u00e1lis \u00e1llatk\u00ednz\u00e1s L\u0151rinciben, hatty\u00fakat vertek kegyetlen fiatalok. A t\u00f3n\u00e1l a r\u00e9gi strandon kir\u00e1ndul\u00f3k tal\u00e1lt\u00e1k meg a h\u00e1rom madarat. K\u00f6z\u00fcl\u00fck egyet hi\u00e1ba vitt mag\u00e1val egy mad\u00e1rment\u0151, azt annyira kegyetlen\u00fcl megvert\u00e9k, hogy n\u00e9h\u00e1ny \u00f3ra m\u00falva elpusztult.<\/p>\n<p>T\u00e9nyekNo Description<\/p>\n<p>RTL.huNo Description<\/p>\n","protected":false},"author":4,"featured_media":0,"comment_status":"open","ping_status":"closed","sticky":false,"template":"","format":"standard","meta":{"footnotes":""},"categories":[6,5,4],"tags":[1299,1434,3545,3547,3546],"class_list":["post-22146","post","type-post","status-publish","format-standard","hentry","category-belfold","category-kek-hirek","category-szabadido","tag-allatkinzas","tag-fiatalok","tag-hattyu","tag-kegyetlen","tag-madarmento"],"_links":{"self":[{"href":"https:\/\/www.agriatv.hu\/index.php?rest_route=\/wp\/v2\/posts\/22146","targetHints":{"allow":["GET"]}}],"collection":[{"href":"https:\/\/www.agriatv.hu\/index.php?rest_route=\/wp\/v2\/posts"}],"about":[{"href":"https:\/\/www.agriatv.hu\/index.php?rest_route=\/wp\/v2\/types\/post"}],"author":[{"embeddable":true,"href":"https:\/\/www.agriatv.hu\/index.php?rest_route=\/wp\/v2\/users\/4"}],"replies":[{"embeddable":true,"href":"https:\/\/www.agriatv.hu\/index.php?rest_route=%2Fwp%2Fv2%2Fcomments&post=22146"}],"version-history":[{"count":3,"href":"https:\/\/www.agriatv.hu\/index.php?rest_route=\/wp\/v2\/posts\/22146\/revisions"}],"predecessor-version":[{"id":22150,"href":"https:\/\/www.agriatv.hu\/index.php?rest_route=\/wp\/v2\/posts\/22146\/revisions\/22150"}],"wp:attachment":[{"href":"https:\/\/www.agriatv.hu\/index.php?rest_route=%2Fwp%2Fv2%2Fmedia&parent=22146"}],"wp:term":[{"taxonomy":"category","embeddable":true,"href":"https:\/\/www.agriatv.hu\/index.php?rest_route=%2Fwp%2Fv2%2Fcategories&post=22146"},{"taxonomy":"post_tag","embeddable":true,"href":"https:\/\/www.agriatv.hu\/index.php?rest_route=%2Fwp%2Fv2%2Ftags&post=22146"}],"curies":[{"name":"wp","href":"https:\/\/api.w.org\/{rel}","templated":true}]}}