{"id":22169,"date":"2020-09-19T17:31:56","date_gmt":"2020-09-19T17:31:56","guid":{"rendered":"http:\/\/www.agriatv.hu\/?p=22169"},"modified":"2020-09-19T17:32:00","modified_gmt":"2020-09-19T17:32:00","slug":"lelotte-majd-elasta-dezit","status":"publish","type":"post","link":"https:\/\/www.agriatv.hu\/?p=22169","title":{"rendered":"Lel\u0151tte, majd el\u00e1sta D\u00e9zit"},"content":{"rendered":"\n<div class=\"wp-block-image\"><figure class=\"alignleft size-large is-resized\"><img loading=\"lazy\" decoding=\"async\" src=\"https:\/\/www.agriatv.hu\/wp-content\/uploads\/2020\/09\/72964825.325x183.jpg\" alt=\"\" class=\"wp-image-22170\" width=\"217\" height=\"122\" srcset=\"https:\/\/www.agriatv.hu\/wp-content\/uploads\/2020\/09\/72964825.325x183.jpg 325w, https:\/\/www.agriatv.hu\/wp-content\/uploads\/2020\/09\/72964825.325x183-300x169.jpg 300w\" sizes=\"auto, (max-width: 217px) 100vw, 217px\" \/><\/figure><\/div>\n\n\n\n<p>Besz\u00f6k\u00f6tt a kertj\u00e9be, ez\u00e9rt lel\u0151tte, majd el\u00e1sta a szomsz\u00e9d kuty\u00e1j\u00e1t egy f\u00e9rfi Ostoroson. A m\u00e1sf\u00e9l \u00e9ves husky gazd\u00e1ja szerint D\u00e9zi sohasem b\u00e1ntott senkit \u00e9s nem volt r\u00e1 panasz, b\u00e1r n\u00e9ha elsz\u00f6k\u00f6tt. A megl\u0151tt kutya kivonszolta mag\u00e1t az utc\u00e1ra, ott elpusztult, a gyilkosa ezut\u00e1n visszavonszolta a kertj\u00e9be \u00e9s el\u00e1sta. J\u00e1r\u00f3kel\u0151k l\u00e1tt\u00e1k a v\u00e9rnyomokat, \u0151k h\u00edvt\u00e1k a rend\u0151rs\u00e9get. A kuty\u00e1t lel\u00f6v\u0151 f\u00e9rfi azt mondta, nem is \u00e9rti, mi a probl\u00e9ma.<\/p>\n\n\n\n<figure class=\"wp-block-embed is-type-rich is-provider-tenyek\"><div class=\"wp-block-embed__wrapper\">\n<blockquote class=\"embedly-card\" data-card-controls=\"1\" data-card-align=\"center\" data-card-theme=\"light\" data-card-key=\"bbb82e0305934450ba516e363ef455a7\"><h4><a href=\"http:\/\/tenyek.hu\/neoplayer\/tv2\/embed\/344462_lelotte-majd-elasta-dezit.html\">T\u00e9nyek<\/a><\/h4><p>No Description<\/p><\/blockquote><script async src=\"\/\/cdn.embedly.com\/widgets\/platform.js\" charset=\"UTF-8\"><\/script>\n<\/div><\/figure>\n","protected":false},"excerpt":{"rendered":"<p>Besz\u00f6k\u00f6tt a kertj\u00e9be, ez\u00e9rt lel\u0151tte, majd el\u00e1sta a szomsz\u00e9d kuty\u00e1j\u00e1t egy f\u00e9rfi Ostoroson. A m\u00e1sf\u00e9l \u00e9ves husky gazd\u00e1ja szerint D\u00e9zi sohasem b\u00e1ntott senkit \u00e9s nem volt r\u00e1 panasz, b\u00e1r n\u00e9ha elsz\u00f6k\u00f6tt. A megl\u0151tt kutya kivonszolta mag\u00e1t az utc\u00e1ra, ott elpusztult, a gyilkosa ezut\u00e1n visszavonszolta a kertj\u00e9be \u00e9s el\u00e1sta. J\u00e1r\u00f3kel\u0151k l\u00e1tt\u00e1k a v\u00e9rnyomokat, \u0151k h\u00edvt\u00e1k a [&#8230;]<\/p>\n","protected":false},"author":4,"featured_media":0,"comment_status":"open","ping_status":"closed","sticky":false,"template":"","format":"standard","meta":{"footnotes":""},"categories":[5],"tags":[3553,832,1510,695,1632,1317],"class_list":["post-22169","post","type-post","status-publish","format-standard","hentry","category-kek-hirek","tag-husky","tag-kutya","tag-legpuska","tag-loves","tag-ostoros","tag-szomszed"],"_links":{"self":[{"href":"https:\/\/www.agriatv.hu\/index.php?rest_route=\/wp\/v2\/posts\/22169","targetHints":{"allow":["GET"]}}],"collection":[{"href":"https:\/\/www.agriatv.hu\/index.php?rest_route=\/wp\/v2\/posts"}],"about":[{"href":"https:\/\/www.agriatv.hu\/index.php?rest_route=\/wp\/v2\/types\/post"}],"author":[{"embeddable":true,"href":"https:\/\/www.agriatv.hu\/index.php?rest_route=\/wp\/v2\/users\/4"}],"replies":[{"embeddable":true,"href":"https:\/\/www.agriatv.hu\/index.php?rest_route=%2Fwp%2Fv2%2Fcomments&post=22169"}],"version-history":[{"count":1,"href":"https:\/\/www.agriatv.hu\/index.php?rest_route=\/wp\/v2\/posts\/22169\/revisions"}],"predecessor-version":[{"id":22171,"href":"https:\/\/www.agriatv.hu\/index.php?rest_route=\/wp\/v2\/posts\/22169\/revisions\/22171"}],"wp:attachment":[{"href":"https:\/\/www.agriatv.hu\/index.php?rest_route=%2Fwp%2Fv2%2Fmedia&parent=22169"}],"wp:term":[{"taxonomy":"category","embeddable":true,"href":"https:\/\/www.agriatv.hu\/index.php?rest_route=%2Fwp%2Fv2%2Fcategories&post=22169"},{"taxonomy":"post_tag","embeddable":true,"href":"https:\/\/www.agriatv.hu\/index.php?rest_route=%2Fwp%2Fv2%2Ftags&post=22169"}],"curies":[{"name":"wp","href":"https:\/\/api.w.org\/{rel}","templated":true}]}}