{"id":22175,"date":"2020-09-20T20:43:14","date_gmt":"2020-09-20T20:43:14","guid":{"rendered":"http:\/\/www.agriatv.hu\/?p=22175"},"modified":"2020-09-20T20:43:17","modified_gmt":"2020-09-20T20:43:17","slug":"vegyszerrel-akarta-feloldani-apjat","status":"publish","type":"post","link":"https:\/\/www.agriatv.hu\/?p=22175","title":{"rendered":"Vegyszerrel akarta feloldani apj\u00e1t"},"content":{"rendered":"\n<div class=\"wp-block-image\"><figure class=\"alignleft size-large is-resized\"><img loading=\"lazy\" decoding=\"async\" src=\"https:\/\/www.agriatv.hu\/wp-content\/uploads\/2020\/09\/99993186.325x183.jpg\" alt=\"\" class=\"wp-image-22176\" width=\"198\" height=\"111\" srcset=\"https:\/\/www.agriatv.hu\/wp-content\/uploads\/2020\/09\/99993186.325x183.jpg 325w, https:\/\/www.agriatv.hu\/wp-content\/uploads\/2020\/09\/99993186.325x183-300x169.jpg 300w\" sizes=\"auto, (max-width: 198px) 100vw, 198px\" \/><\/figure><\/div>\n\n\n\n<p><strong>Meg\u00f6lte az apj\u00e1t egy f\u00e9rfi \u00d3zdon, a holttestet feldarabolta, majd vegyszerben akarta feloldani.<\/strong><\/p>\n\n\n\n<p>Elviselhetetlen b\u0171z terjengett az utc\u00e1ban, \u00edgy bukott le. A szomsz\u00e9dok szerint karant\u00e9nban voltak mind a ketten, miut\u00e1n k\u00fclf\u00f6ldr\u0151l hazaj\u00f6ttek. A k\u00e9t h\u00e9t letelt\u00e9vel az apa elment a kocsm\u00e1ba, ezut\u00e1n \u00f6sszevesztek, ekkor \u00f6lte meg a fi\u00fa. Majd v\u00e1s\u00e1rolt t\u00f6bb t\u00edz liter vegyszert \u00e9s egy hord\u00f3t, hogy megsemmis\u00edtse apja holttest\u00e9t.<\/p>\n\n\n\n<figure class=\"wp-block-embed is-type-rich is-provider-tenyek\"><div class=\"wp-block-embed__wrapper\">\n<blockquote class=\"embedly-card\" data-card-controls=\"1\" data-card-align=\"center\" data-card-theme=\"light\" data-card-key=\"bbb82e0305934450ba516e363ef455a7\"><h4><a href=\"http:\/\/tenyek.hu\/neoplayer\/tv2\/embed\/344488_vegyszerrel-akarta-feloldani-apj.html\">T\u00e9nyek<\/a><\/h4><p>No Description<\/p><\/blockquote><script async src=\"\/\/cdn.embedly.com\/widgets\/platform.js\" charset=\"UTF-8\"><\/script>\n<\/div><\/figure>\n","protected":false},"excerpt":{"rendered":"<p>Meg\u00f6lte az apj\u00e1t egy f\u00e9rfi \u00d3zdon, a holttestet feldarabolta, majd vegyszerben akarta feloldani.<\/p>\n<p>Elviselhetetlen b\u0171z terjengett az utc\u00e1ban, \u00edgy bukott le. A szomsz\u00e9dok szerint karant\u00e9nban voltak mind a ketten, miut\u00e1n k\u00fclf\u00f6ldr\u0151l hazaj\u00f6ttek. A k\u00e9t h\u00e9t letelt\u00e9vel az apa elment a kocsm\u00e1ba, ezut\u00e1n \u00f6sszevesztek, ekkor \u00f6lte meg a fi\u00fa. Majd v\u00e1s\u00e1rolt t\u00f6bb t\u00edz liter vegyszert \u00e9s egy [&#8230;]<\/p>\n","protected":false},"author":4,"featured_media":0,"comment_status":"open","ping_status":"closed","sticky":false,"template":"","format":"standard","meta":{"footnotes":""},"categories":[5],"tags":[2541,2426,1079,1287,3470,1181,122,1657],"class_list":["post-22175","post","type-post","status-publish","format-standard","hentry","category-kek-hirek","tag-apa","tag-fiu","tag-gyilkossag","tag-hordo","tag-karanten","tag-ozd","tag-rendorseg","tag-vegyszer"],"_links":{"self":[{"href":"https:\/\/www.agriatv.hu\/index.php?rest_route=\/wp\/v2\/posts\/22175","targetHints":{"allow":["GET"]}}],"collection":[{"href":"https:\/\/www.agriatv.hu\/index.php?rest_route=\/wp\/v2\/posts"}],"about":[{"href":"https:\/\/www.agriatv.hu\/index.php?rest_route=\/wp\/v2\/types\/post"}],"author":[{"embeddable":true,"href":"https:\/\/www.agriatv.hu\/index.php?rest_route=\/wp\/v2\/users\/4"}],"replies":[{"embeddable":true,"href":"https:\/\/www.agriatv.hu\/index.php?rest_route=%2Fwp%2Fv2%2Fcomments&post=22175"}],"version-history":[{"count":1,"href":"https:\/\/www.agriatv.hu\/index.php?rest_route=\/wp\/v2\/posts\/22175\/revisions"}],"predecessor-version":[{"id":22177,"href":"https:\/\/www.agriatv.hu\/index.php?rest_route=\/wp\/v2\/posts\/22175\/revisions\/22177"}],"wp:attachment":[{"href":"https:\/\/www.agriatv.hu\/index.php?rest_route=%2Fwp%2Fv2%2Fmedia&parent=22175"}],"wp:term":[{"taxonomy":"category","embeddable":true,"href":"https:\/\/www.agriatv.hu\/index.php?rest_route=%2Fwp%2Fv2%2Fcategories&post=22175"},{"taxonomy":"post_tag","embeddable":true,"href":"https:\/\/www.agriatv.hu\/index.php?rest_route=%2Fwp%2Fv2%2Ftags&post=22175"}],"curies":[{"name":"wp","href":"https:\/\/api.w.org\/{rel}","templated":true}]}}