{"id":22199,"date":"2020-09-23T18:44:29","date_gmt":"2020-09-23T18:44:29","guid":{"rendered":"http:\/\/www.agriatv.hu\/?p=22199"},"modified":"2020-09-23T18:44:33","modified_gmt":"2020-09-23T18:44:33","slug":"lakokocsijaba-bujt-a-medve-elol","status":"publish","type":"post","link":"https:\/\/www.agriatv.hu\/?p=22199","title":{"rendered":"Lak\u00f3kocsij\u00e1ba b\u00fajt a medve el\u0151l"},"content":{"rendered":"\n<div class=\"wp-block-image\"><figure class=\"alignleft size-large is-resized\"><img loading=\"lazy\" decoding=\"async\" src=\"https:\/\/www.agriatv.hu\/wp-content\/uploads\/2020\/09\/71217204.325x183.jpg\" alt=\"\" class=\"wp-image-22200\" width=\"198\" height=\"111\" srcset=\"https:\/\/www.agriatv.hu\/wp-content\/uploads\/2020\/09\/71217204.325x183.jpg 325w, https:\/\/www.agriatv.hu\/wp-content\/uploads\/2020\/09\/71217204.325x183-300x169.jpg 300w\" sizes=\"auto, (max-width: 198px) 100vw, 198px\" \/><\/figure><\/div>\n\n\n\n<p>Lak\u00f3kocsij\u00e1ba b\u00fajt a medve el\u0151l egy horg\u00e1sz Egerszal\u00f3kon. Ijeszt\u0151 hangokra: f\u00fajtat\u00e1sra, cs\u00f6rtet\u00e9sre lett figyelmes, egy\u00e9rtelm\u0171 volt sz\u00e1m\u00e1ra, hogy medve van a k\u00f6zelben. Elmond\u00e1sa szerint 5-10 m\u00e9terre lehetett t\u0151le a vad\u00e1llat. A helyiek m\u00e1r t\u00f6bb mint egy hete \u00e9szrevett\u00e9k hogy medve j\u00e1rja a k\u00f6rny\u00e9ket, nagyon f\u00e9lnek t\u0151le.<\/p>\n\n\n\n<figure class=\"wp-block-embed is-type-rich is-provider-tenyek\"><div class=\"wp-block-embed__wrapper\">\n<blockquote class=\"embedly-card\" data-card-controls=\"1\" data-card-align=\"center\" data-card-theme=\"light\" data-card-key=\"bbb82e0305934450ba516e363ef455a7\"><h4><a href=\"http:\/\/tenyek.hu\/neoplayer\/tv2\/embed\/344963_lakokocsijaba-bujt-a-medve-elol.html\">T\u00e9nyek<\/a><\/h4><p>No Description<\/p><\/blockquote><script async src=\"\/\/cdn.embedly.com\/widgets\/platform.js\" charset=\"UTF-8\"><\/script>\n<\/div><\/figure>\n","protected":false},"excerpt":{"rendered":"<p>Lak\u00f3kocsij\u00e1ba b\u00fajt a medve el\u0151l egy horg\u00e1sz Egerszal\u00f3kon. Ijeszt\u0151 hangokra: f\u00fajtat\u00e1sra, cs\u00f6rtet\u00e9sre lett figyelmes, egy\u00e9rtelm\u0171 volt sz\u00e1m\u00e1ra, hogy medve van a k\u00f6zelben. Elmond\u00e1sa szerint 5-10 m\u00e9terre lehetett t\u0151le a vad\u00e1llat. A helyiek m\u00e1r t\u00f6bb mint egy hete \u00e9szrevett\u00e9k hogy medve j\u00e1rja a k\u00f6rny\u00e9ket, nagyon f\u00e9lnek t\u0151le.<\/p>\n<p>T\u00e9nyekNo Description<\/p>\n","protected":false},"author":4,"featured_media":0,"comment_status":"open","ping_status":"closed","sticky":false,"template":"","format":"standard","meta":{"footnotes":""},"categories":[6,4],"tags":[138,1392,1667,278],"class_list":["post-22199","post","type-post","status-publish","format-standard","hentry","category-belfold","category-szabadido","tag-egerszalok","tag-horgasz","tag-medve","tag-polgaror"],"_links":{"self":[{"href":"https:\/\/www.agriatv.hu\/index.php?rest_route=\/wp\/v2\/posts\/22199","targetHints":{"allow":["GET"]}}],"collection":[{"href":"https:\/\/www.agriatv.hu\/index.php?rest_route=\/wp\/v2\/posts"}],"about":[{"href":"https:\/\/www.agriatv.hu\/index.php?rest_route=\/wp\/v2\/types\/post"}],"author":[{"embeddable":true,"href":"https:\/\/www.agriatv.hu\/index.php?rest_route=\/wp\/v2\/users\/4"}],"replies":[{"embeddable":true,"href":"https:\/\/www.agriatv.hu\/index.php?rest_route=%2Fwp%2Fv2%2Fcomments&post=22199"}],"version-history":[{"count":1,"href":"https:\/\/www.agriatv.hu\/index.php?rest_route=\/wp\/v2\/posts\/22199\/revisions"}],"predecessor-version":[{"id":22201,"href":"https:\/\/www.agriatv.hu\/index.php?rest_route=\/wp\/v2\/posts\/22199\/revisions\/22201"}],"wp:attachment":[{"href":"https:\/\/www.agriatv.hu\/index.php?rest_route=%2Fwp%2Fv2%2Fmedia&parent=22199"}],"wp:term":[{"taxonomy":"category","embeddable":true,"href":"https:\/\/www.agriatv.hu\/index.php?rest_route=%2Fwp%2Fv2%2Fcategories&post=22199"},{"taxonomy":"post_tag","embeddable":true,"href":"https:\/\/www.agriatv.hu\/index.php?rest_route=%2Fwp%2Fv2%2Ftags&post=22199"}],"curies":[{"name":"wp","href":"https:\/\/api.w.org\/{rel}","templated":true}]}}