{"id":22205,"date":"2020-09-28T18:00:01","date_gmt":"2020-09-28T18:00:01","guid":{"rendered":"http:\/\/www.agriatv.hu\/?p=22205"},"modified":"2020-09-28T18:00:04","modified_gmt":"2020-09-28T18:00:04","slug":"esovel-szellel-bucsuzik-a-szeptember","status":"publish","type":"post","link":"https:\/\/www.agriatv.hu\/?p=22205","title":{"rendered":"Es\u0151vel, sz\u00e9llel b\u00facs\u00fazik a szeptember"},"content":{"rendered":"\n<div class=\"wp-block-image\"><figure class=\"alignleft size-large is-resized\"><img loading=\"lazy\" decoding=\"async\" src=\"https:\/\/www.agriatv.hu\/wp-content\/uploads\/2020\/09\/67632684.325x183.jpg\" alt=\"\" class=\"wp-image-22206\" width=\"215\" height=\"121\" srcset=\"https:\/\/www.agriatv.hu\/wp-content\/uploads\/2020\/09\/67632684.325x183.jpg 325w, https:\/\/www.agriatv.hu\/wp-content\/uploads\/2020\/09\/67632684.325x183-300x169.jpg 300w\" sizes=\"auto, (max-width: 215px) 100vw, 215px\" \/><\/figure><\/div>\n\n\n\n<p>Hirtelen leh\u0171l\u00e9ssel \u00e9s es\u0151vel \u00e9rkezett meg az igazi \u0151sz Magyarorsz\u00e1gra. Az orsz\u00e1g eg\u00e9sz ter\u00fclet\u00e9n csapad\u00e9kos id\u0151 volt, \u00e9s b\u00e1r n\u00e9hol egy id\u0151re felszakadozott a felh\u0151zet, a legmelegebb helyeken is alig haladta meg a 20 fokot a h\u0151m\u00e9rs\u00e9klet. A k\u00f6vetkez\u0151 napokban is hasonl\u00f3 id\u0151re sz\u00e1m\u00edthatunk, a h\u00e9tv\u00e9g\u00e9re azonban m\u00e9g utolj\u00e1ra visszat\u00e9r a ny\u00e1ri meleg.<\/p>\n\n\n\n<figure class=\"wp-block-embed is-type-rich is-provider-tenyek\"><div class=\"wp-block-embed__wrapper\">\n<blockquote class=\"embedly-card\" data-card-controls=\"1\" data-card-align=\"center\" data-card-theme=\"light\" data-card-key=\"bbb82e0305934450ba516e363ef455a7\"><h4><a href=\"http:\/\/tenyek.hu\/neoplayer\/tv2\/embed\/345531_esovel-szellel-bucsuzik-a-szeptember.html\">T\u00e9nyek<\/a><\/h4><p>No Description<\/p><\/blockquote><script async src=\"\/\/cdn.embedly.com\/widgets\/platform.js\" charset=\"UTF-8\"><\/script>\n<\/div><\/figure>\n","protected":false},"excerpt":{"rendered":"<p>Hirtelen leh\u0171l\u00e9ssel \u00e9s es\u0151vel \u00e9rkezett meg az igazi \u0151sz Magyarorsz\u00e1gra. Az orsz\u00e1g eg\u00e9sz ter\u00fclet\u00e9n csapad\u00e9kos id\u0151 volt, \u00e9s b\u00e1r n\u00e9hol egy id\u0151re felszakadozott a felh\u0151zet, a legmelegebb helyeken is alig haladta meg a 20 fokot a h\u0151m\u00e9rs\u00e9klet. A k\u00f6vetkez\u0151 napokban is hasonl\u00f3 id\u0151re sz\u00e1m\u00edthatunk, a h\u00e9tv\u00e9g\u00e9re azonban m\u00e9g utolj\u00e1ra visszat\u00e9r a ny\u00e1ri meleg.<\/p>\n<p>T\u00e9nyekNo Description<\/p>\n","protected":false},"author":4,"featured_media":0,"comment_status":"open","ping_status":"closed","sticky":false,"template":"","format":"standard","meta":{"footnotes":""},"categories":[6,4],"tags":[1215,899],"class_list":["post-22205","post","type-post","status-publish","format-standard","hentry","category-belfold","category-szabadido","tag-eso","tag-idojaras"],"_links":{"self":[{"href":"https:\/\/www.agriatv.hu\/index.php?rest_route=\/wp\/v2\/posts\/22205","targetHints":{"allow":["GET"]}}],"collection":[{"href":"https:\/\/www.agriatv.hu\/index.php?rest_route=\/wp\/v2\/posts"}],"about":[{"href":"https:\/\/www.agriatv.hu\/index.php?rest_route=\/wp\/v2\/types\/post"}],"author":[{"embeddable":true,"href":"https:\/\/www.agriatv.hu\/index.php?rest_route=\/wp\/v2\/users\/4"}],"replies":[{"embeddable":true,"href":"https:\/\/www.agriatv.hu\/index.php?rest_route=%2Fwp%2Fv2%2Fcomments&post=22205"}],"version-history":[{"count":1,"href":"https:\/\/www.agriatv.hu\/index.php?rest_route=\/wp\/v2\/posts\/22205\/revisions"}],"predecessor-version":[{"id":22207,"href":"https:\/\/www.agriatv.hu\/index.php?rest_route=\/wp\/v2\/posts\/22205\/revisions\/22207"}],"wp:attachment":[{"href":"https:\/\/www.agriatv.hu\/index.php?rest_route=%2Fwp%2Fv2%2Fmedia&parent=22205"}],"wp:term":[{"taxonomy":"category","embeddable":true,"href":"https:\/\/www.agriatv.hu\/index.php?rest_route=%2Fwp%2Fv2%2Fcategories&post=22205"},{"taxonomy":"post_tag","embeddable":true,"href":"https:\/\/www.agriatv.hu\/index.php?rest_route=%2Fwp%2Fv2%2Ftags&post=22205"}],"curies":[{"name":"wp","href":"https:\/\/api.w.org\/{rel}","templated":true}]}}