{"id":22218,"date":"2020-10-04T20:13:42","date_gmt":"2020-10-04T20:13:42","guid":{"rendered":"http:\/\/www.agriatv.hu\/?p=22218"},"modified":"2020-10-04T20:13:51","modified_gmt":"2020-10-04T20:13:51","slug":"nem-tudjak-feldolgozni-fiuk-halalat","status":"publish","type":"post","link":"https:\/\/www.agriatv.hu\/?p=22218","title":{"rendered":"Nem tudj\u00e1k feldolgozni fiuk hal\u00e1l\u00e1t"},"content":{"rendered":"\n<div class=\"wp-block-image\"><figure class=\"alignleft size-large is-resized\"><img loading=\"lazy\" decoding=\"async\" src=\"https:\/\/www.agriatv.hu\/wp-content\/uploads\/2020\/10\/60020995.325x183.jpg\" alt=\"\" class=\"wp-image-22219\" width=\"226\" height=\"127\" srcset=\"https:\/\/www.agriatv.hu\/wp-content\/uploads\/2020\/10\/60020995.325x183.jpg 325w, https:\/\/www.agriatv.hu\/wp-content\/uploads\/2020\/10\/60020995.325x183-300x169.jpg 300w\" sizes=\"auto, (max-width: 226px) 100vw, 226px\" \/><\/figure><\/div>\n\n\n\n<p><strong>Eltemett\u00e9k azt a 22 \u00e9ves f\u00e9rfit, aki a h\u00e9t elej\u00e9n halt meg a Bika nev\u0171 drogt\u00f3l Tarnazsad\u00e1nyban.<\/strong><\/p>\n\n\n\n<p>\u00a0Testv\u00e9re a trag\u00e9dia \u00e9jszak\u00e1j\u00e1r\u00f3l azt mondta, hi\u00e1ba pr\u00f3b\u00e1lta megmenteni az \u00f6ccse \u00e9let\u00e9t, aki elesett, beverte a fej\u00e9t \u00e9s elvesztette az eszm\u00e9let\u00e9t, m\u00e1r nem tudt\u00e1k \u00fajra\u00e9leszteni. A csal\u00e1d nem tudja feldolgozni a trag\u00e9di\u00e1t, az \u00e1ldozatnak 3 gyereke maradt f\u00e9l\u00e1rv\u00e1n.<\/p>\n\n\n\n<figure class=\"wp-block-embed is-type-rich is-provider-tenyek\"><div class=\"wp-block-embed__wrapper\">\n<blockquote class=\"embedly-card\" data-card-controls=\"1\" data-card-align=\"center\" data-card-theme=\"light\" data-card-key=\"bbb82e0305934450ba516e363ef455a7\"><h4><a href=\"http:\/\/tenyek.hu\/neoplayer\/tv2\/embed\/346206_nem-tudjak-feldolgozni-fiuk-hala.html\">T\u00e9nyek<\/a><\/h4><p>No Description<\/p><\/blockquote><script async src=\"\/\/cdn.embedly.com\/widgets\/platform.js\" charset=\"UTF-8\"><\/script>\n<\/div><\/figure>\n","protected":false},"excerpt":{"rendered":"<p>Eltemett\u00e9k azt a 22 \u00e9ves f\u00e9rfit, aki a h\u00e9t elej\u00e9n halt meg a Bika nev\u0171 drogt\u00f3l Tarnazsad\u00e1nyban.<\/p>\n<p>\u00a0Testv\u00e9re a trag\u00e9dia \u00e9jszak\u00e1j\u00e1r\u00f3l azt mondta, hi\u00e1ba pr\u00f3b\u00e1lta megmenteni az \u00f6ccse \u00e9let\u00e9t, aki elesett, beverte a fej\u00e9t \u00e9s elvesztette az eszm\u00e9let\u00e9t, m\u00e1r nem tudt\u00e1k \u00fajra\u00e9leszteni. A csal\u00e1d nem tudja feldolgozni a trag\u00e9di\u00e1t, az \u00e1ldozatnak 3 gyereke maradt f\u00e9l\u00e1rv\u00e1n.<\/p>\n<p>T\u00e9nyekNo Description<\/p>\n","protected":false},"author":4,"featured_media":0,"comment_status":"open","ping_status":"closed","sticky":false,"template":"","format":"standard","meta":{"footnotes":""},"categories":[5],"tags":[2574,1528,1258,2569,2854],"class_list":["post-22218","post","type-post","status-publish","format-standard","hentry","category-kek-hirek","tag-bika","tag-drog","tag-gyerek","tag-tarnazsadany","tag-temetes"],"_links":{"self":[{"href":"https:\/\/www.agriatv.hu\/index.php?rest_route=\/wp\/v2\/posts\/22218","targetHints":{"allow":["GET"]}}],"collection":[{"href":"https:\/\/www.agriatv.hu\/index.php?rest_route=\/wp\/v2\/posts"}],"about":[{"href":"https:\/\/www.agriatv.hu\/index.php?rest_route=\/wp\/v2\/types\/post"}],"author":[{"embeddable":true,"href":"https:\/\/www.agriatv.hu\/index.php?rest_route=\/wp\/v2\/users\/4"}],"replies":[{"embeddable":true,"href":"https:\/\/www.agriatv.hu\/index.php?rest_route=%2Fwp%2Fv2%2Fcomments&post=22218"}],"version-history":[{"count":1,"href":"https:\/\/www.agriatv.hu\/index.php?rest_route=\/wp\/v2\/posts\/22218\/revisions"}],"predecessor-version":[{"id":22220,"href":"https:\/\/www.agriatv.hu\/index.php?rest_route=\/wp\/v2\/posts\/22218\/revisions\/22220"}],"wp:attachment":[{"href":"https:\/\/www.agriatv.hu\/index.php?rest_route=%2Fwp%2Fv2%2Fmedia&parent=22218"}],"wp:term":[{"taxonomy":"category","embeddable":true,"href":"https:\/\/www.agriatv.hu\/index.php?rest_route=%2Fwp%2Fv2%2Fcategories&post=22218"},{"taxonomy":"post_tag","embeddable":true,"href":"https:\/\/www.agriatv.hu\/index.php?rest_route=%2Fwp%2Fv2%2Ftags&post=22218"}],"curies":[{"name":"wp","href":"https:\/\/api.w.org\/{rel}","templated":true}]}}