{"id":22270,"date":"2020-10-18T17:19:49","date_gmt":"2020-10-18T17:19:49","guid":{"rendered":"http:\/\/www.agriatv.hu\/?p=22270"},"modified":"2020-10-18T17:19:55","modified_gmt":"2020-10-18T17:19:55","slug":"video-medve-setalt-miskolc-utcain","status":"publish","type":"post","link":"https:\/\/www.agriatv.hu\/?p=22270","title":{"rendered":"Vide\u00f3: Medve s\u00e9t\u00e1lt Miskolc utc\u00e1in"},"content":{"rendered":"\n<div class=\"wp-block-image\"><figure class=\"alignleft size-large is-resized\"><img loading=\"lazy\" decoding=\"async\" src=\"https:\/\/www.agriatv.hu\/wp-content\/uploads\/2020\/10\/81362617.325x183.jpg\" alt=\"\" class=\"wp-image-22271\" width=\"213\" height=\"120\" srcset=\"https:\/\/www.agriatv.hu\/wp-content\/uploads\/2020\/10\/81362617.325x183.jpg 325w, https:\/\/www.agriatv.hu\/wp-content\/uploads\/2020\/10\/81362617.325x183-300x169.jpg 300w\" sizes=\"auto, (max-width: 213px) 100vw, 213px\" \/><\/figure><\/div>\n\n\n\n<p>Medve szaladg\u00e1lt Miskolc egyik legforgalmasabb utc\u00e1j\u00e1ban k\u00e9s\u0151 este.<\/p>\n\n\n\n<p>\u00a0Le\u00e1llt a forgalom, az aut\u00f3sok nem hitt\u00e9k el, hogy egy medve s\u00e9t\u00e1l a villamoss\u00edneken, volt, aki r\u00e1dud\u00e1lt, hogy elijessze. Egy fiatal fi\u00fa, aki a bar\u00e1tn\u0151j\u00e9t\u0151l ment haza, a buszr\u00f3l lesz\u00e1llva l\u00e1tta meg a riadt medv\u00e9t, vide\u00f3t k\u00e9sz\u00edtett r\u00f3la a telefonj\u00e1val. Azut\u00e1n h\u00edvta a 112-t, mert f\u00e9lt, hogy a vad\u00e1llat megt\u00e1mad valakit.<\/p>\n\n\n\n<figure class=\"wp-block-embed is-type-rich is-provider-tenyek\"><div class=\"wp-block-embed__wrapper\">\n<blockquote class=\"embedly-card\" data-card-controls=\"1\" data-card-align=\"center\" data-card-theme=\"light\" data-card-key=\"bbb82e0305934450ba516e363ef455a7\"><h4><a href=\"http:\/\/tenyek.hu\/neoplayer\/tv2\/embed\/347961_video-medve-setalt-miskolc-utcai.html\">T\u00e9nyek<\/a><\/h4><p>No Description<\/p><\/blockquote><script async src=\"\/\/cdn.embedly.com\/widgets\/platform.js\" charset=\"UTF-8\"><\/script>\n<\/div><\/figure>\n","protected":false},"excerpt":{"rendered":"<p>Medve szaladg\u00e1lt Miskolc egyik legforgalmasabb utc\u00e1j\u00e1ban k\u00e9s\u0151 este.<\/p>\n<p>\u00a0Le\u00e1llt a forgalom, az aut\u00f3sok nem hitt\u00e9k el, hogy egy medve s\u00e9t\u00e1l a villamoss\u00edneken, volt, aki r\u00e1dud\u00e1lt, hogy elijessze. Egy fiatal fi\u00fa, aki a bar\u00e1tn\u0151j\u00e9t\u0151l ment haza, a buszr\u00f3l lesz\u00e1llva l\u00e1tta meg a riadt medv\u00e9t, vide\u00f3t k\u00e9sz\u00edtett r\u00f3la a telefonj\u00e1val. Azut\u00e1n h\u00edvta a 112-t, mert f\u00e9lt, hogy a [&#8230;]<\/p>\n","protected":false},"author":4,"featured_media":0,"comment_status":"open","ping_status":"closed","sticky":false,"template":"","format":"standard","meta":{"footnotes":""},"categories":[6,4],"tags":[1667,3083,2719],"class_list":["post-22270","post","type-post","status-publish","format-standard","hentry","category-belfold","category-szabadido","tag-medve","tag-miskolc","tag-utca"],"_links":{"self":[{"href":"https:\/\/www.agriatv.hu\/index.php?rest_route=\/wp\/v2\/posts\/22270","targetHints":{"allow":["GET"]}}],"collection":[{"href":"https:\/\/www.agriatv.hu\/index.php?rest_route=\/wp\/v2\/posts"}],"about":[{"href":"https:\/\/www.agriatv.hu\/index.php?rest_route=\/wp\/v2\/types\/post"}],"author":[{"embeddable":true,"href":"https:\/\/www.agriatv.hu\/index.php?rest_route=\/wp\/v2\/users\/4"}],"replies":[{"embeddable":true,"href":"https:\/\/www.agriatv.hu\/index.php?rest_route=%2Fwp%2Fv2%2Fcomments&post=22270"}],"version-history":[{"count":1,"href":"https:\/\/www.agriatv.hu\/index.php?rest_route=\/wp\/v2\/posts\/22270\/revisions"}],"predecessor-version":[{"id":22272,"href":"https:\/\/www.agriatv.hu\/index.php?rest_route=\/wp\/v2\/posts\/22270\/revisions\/22272"}],"wp:attachment":[{"href":"https:\/\/www.agriatv.hu\/index.php?rest_route=%2Fwp%2Fv2%2Fmedia&parent=22270"}],"wp:term":[{"taxonomy":"category","embeddable":true,"href":"https:\/\/www.agriatv.hu\/index.php?rest_route=%2Fwp%2Fv2%2Fcategories&post=22270"},{"taxonomy":"post_tag","embeddable":true,"href":"https:\/\/www.agriatv.hu\/index.php?rest_route=%2Fwp%2Fv2%2Ftags&post=22270"}],"curies":[{"name":"wp","href":"https:\/\/api.w.org\/{rel}","templated":true}]}}