{"id":22285,"date":"2020-10-19T18:03:49","date_gmt":"2020-10-19T18:03:49","guid":{"rendered":"http:\/\/www.agriatv.hu\/?p=22285"},"modified":"2020-10-19T18:03:52","modified_gmt":"2020-10-19T18:03:52","slug":"fak-koze-repult-a-kocsi-a-13-evessel","status":"publish","type":"post","link":"https:\/\/www.agriatv.hu\/?p=22285","title":{"rendered":"F\u00e1k k\u00f6z\u00e9 rep\u00fclt a kocsi a 13 \u00e9vessel"},"content":{"rendered":"\n<div class=\"wp-block-image\"><figure class=\"alignleft size-large is-resized\"><img loading=\"lazy\" decoding=\"async\" src=\"https:\/\/www.agriatv.hu\/wp-content\/uploads\/2020\/10\/99995388.325x183.jpg\" alt=\"\" class=\"wp-image-22286\" width=\"196\" height=\"110\" srcset=\"https:\/\/www.agriatv.hu\/wp-content\/uploads\/2020\/10\/99995388.325x183.jpg 325w, https:\/\/www.agriatv.hu\/wp-content\/uploads\/2020\/10\/99995388.325x183-300x169.jpg 300w\" sizes=\"auto, (max-width: 196px) 100vw, 196px\" \/><\/figure><\/div>\n\n\n\n<p>50 m\u00e9terre a saj\u00e1t h\u00e1z\u00e1t\u00f3l szenvedett hal\u00e1los balesetet egy 80 \u00e9v k\u00f6r\u00fcli f\u00e9rfi B\u00e9k\u00e9s megy\u00e9ben, Pusztaottlak\u00e1n\u00e1l. \u00c9ppen elindult otthonr\u00f3l, nem n\u00e9zett k\u00f6rbe \u00e9s kihajtott az \u00fatra, ahol egy kisteheraut\u00f3nak csap\u00f3dott. Azonnal meghalt. De sz\u00f6rnyethalt az a sof\u0151r is, aki Heves megy\u00e9ben, Ad\u00e1csn\u00e1l rep\u00fclt le az \u00fatr\u00f3l \u00e9s egy f\u00e1nak \u00fctk\u00f6z\u00f6tt. Az utas\u00e1t, egy 13 \u00e9ves fi\u00fat a ment\u0151k vitt\u00e9k k\u00f3rh\u00e1zba.<\/p>\n\n\n\n<figure class=\"wp-block-embed is-type-rich is-provider-tenyek\"><div class=\"wp-block-embed__wrapper\">\n<blockquote class=\"embedly-card\" data-card-controls=\"1\" data-card-align=\"center\" data-card-theme=\"light\" data-card-key=\"bbb82e0305934450ba516e363ef455a7\"><h4><a href=\"http:\/\/tenyek.hu\/neoplayer\/tv2\/embed\/348123_fak-koze-repult-a-kocsi-a-13-eve.html\">T\u00e9nyek<\/a><\/h4><p>No Description<\/p><\/blockquote><script async src=\"\/\/cdn.embedly.com\/widgets\/platform.js\" charset=\"UTF-8\"><\/script>\n<\/div><\/figure>\n\n\n\n<figure class=\"wp-block-embed is-type-rich is-provider-rtl\"><div class=\"wp-block-embed__wrapper\">\n<blockquote class=\"embedly-card\" data-card-controls=\"1\" data-card-align=\"center\" data-card-theme=\"light\" data-card-key=\"bbb82e0305934450ba516e363ef455a7\"><h4><a href=\"https:\/\/rtl.hu\/rtlklub\/hirek\/tobb-halalos-baleset-tortent-a-hetvegen\">RTL.hu<\/a><\/h4><p>No Description<\/p><\/blockquote><script async src=\"\/\/cdn.embedly.com\/widgets\/platform.js\" charset=\"UTF-8\"><\/script>\n<\/div><\/figure>\n","protected":false},"excerpt":{"rendered":"<p>50 m\u00e9terre a saj\u00e1t h\u00e1z\u00e1t\u00f3l szenvedett hal\u00e1los balesetet egy 80 \u00e9v k\u00f6r\u00fcli f\u00e9rfi B\u00e9k\u00e9s megy\u00e9ben, Pusztaottlak\u00e1n\u00e1l. \u00c9ppen elindult otthonr\u00f3l, nem n\u00e9zett k\u00f6rbe \u00e9s kihajtott az \u00fatra, ahol egy kisteheraut\u00f3nak csap\u00f3dott. Azonnal meghalt. De sz\u00f6rnyethalt az a sof\u0151r is, aki Heves megy\u00e9ben, Ad\u00e1csn\u00e1l rep\u00fclt le az \u00fatr\u00f3l \u00e9s egy f\u00e1nak \u00fctk\u00f6z\u00f6tt. Az utas\u00e1t, egy 13 \u00e9ves [&#8230;]<\/p>\n","protected":false},"author":4,"featured_media":0,"comment_status":"open","ping_status":"closed","sticky":false,"template":"","format":"standard","meta":{"footnotes":""},"categories":[5],"tags":[1757,41,771],"class_list":["post-22285","post","type-post","status-publish","format-standard","hentry","category-kek-hirek","tag-adacs","tag-baleset","tag-halal"],"_links":{"self":[{"href":"https:\/\/www.agriatv.hu\/index.php?rest_route=\/wp\/v2\/posts\/22285","targetHints":{"allow":["GET"]}}],"collection":[{"href":"https:\/\/www.agriatv.hu\/index.php?rest_route=\/wp\/v2\/posts"}],"about":[{"href":"https:\/\/www.agriatv.hu\/index.php?rest_route=\/wp\/v2\/types\/post"}],"author":[{"embeddable":true,"href":"https:\/\/www.agriatv.hu\/index.php?rest_route=\/wp\/v2\/users\/4"}],"replies":[{"embeddable":true,"href":"https:\/\/www.agriatv.hu\/index.php?rest_route=%2Fwp%2Fv2%2Fcomments&post=22285"}],"version-history":[{"count":1,"href":"https:\/\/www.agriatv.hu\/index.php?rest_route=\/wp\/v2\/posts\/22285\/revisions"}],"predecessor-version":[{"id":22287,"href":"https:\/\/www.agriatv.hu\/index.php?rest_route=\/wp\/v2\/posts\/22285\/revisions\/22287"}],"wp:attachment":[{"href":"https:\/\/www.agriatv.hu\/index.php?rest_route=%2Fwp%2Fv2%2Fmedia&parent=22285"}],"wp:term":[{"taxonomy":"category","embeddable":true,"href":"https:\/\/www.agriatv.hu\/index.php?rest_route=%2Fwp%2Fv2%2Fcategories&post=22285"},{"taxonomy":"post_tag","embeddable":true,"href":"https:\/\/www.agriatv.hu\/index.php?rest_route=%2Fwp%2Fv2%2Ftags&post=22285"}],"curies":[{"name":"wp","href":"https:\/\/api.w.org\/{rel}","templated":true}]}}