{"id":22389,"date":"2020-12-04T19:24:59","date_gmt":"2020-12-04T19:24:59","guid":{"rendered":"http:\/\/www.agriatv.hu\/?p=22389"},"modified":"2020-12-04T19:26:25","modified_gmt":"2020-12-04T19:26:25","slug":"teherauto-ala-csuszott-szornyethalt","status":"publish","type":"post","link":"https:\/\/www.agriatv.hu\/?p=22389","title":{"rendered":"Teheraut\u00f3 al\u00e1 cs\u00faszott, sz\u00f6rnyethalt"},"content":{"rendered":"\n<div class=\"wp-block-image\"><figure class=\"alignleft size-large is-resized\"><img loading=\"lazy\" decoding=\"async\" src=\"https:\/\/www.agriatv.hu\/wp-content\/uploads\/2020\/12\/99999433.325x183.jpg\" alt=\"\" class=\"wp-image-22390\" width=\"236\" height=\"133\" srcset=\"https:\/\/www.agriatv.hu\/wp-content\/uploads\/2020\/12\/99999433.325x183.jpg 325w, https:\/\/www.agriatv.hu\/wp-content\/uploads\/2020\/12\/99999433.325x183-300x169.jpg 300w\" sizes=\"auto, (max-width: 236px) 100vw, 236px\" \/><\/figure><\/div>\n\n\n\n<p>Ism\u00e9t a cs\u00fasz\u00f3s \u00fat miatt t\u00f6rt\u00e9nt hal\u00e1los baleset. Egy aut\u00f3s J\u00e1szber\u00e9ny fel\u00e9 ment, amikor egy kanyarban megcs\u00faszhatott \u00e9s egy teheraut\u00f3val front\u00e1lisan \u00fctk\u00f6z\u00f6tt. Akkora er\u0151vel csap\u00f3dott a kamionnak, hogy a kocsi elej\u00e9b\u0151l szinte semmi sem maradt. Az aut\u00f3t vezet\u0151 f\u00e9rfi azonnal sz\u00f6rnyethalt.<\/p>\n\n\n\n<iframe loading=\"lazy\" allowfullscreen=\"yes\" width=\"640\" height=\"360\" src=\"\/\/tenyek.hu\/neoplayer\/tv2\/embed\/354299_teherauto-ala-csuszott-szornyeth.html\" frameborder=\"0\" scrolling=\"no\"><\/iframe>\n\n","protected":false},"excerpt":{"rendered":"<p>Ism\u00e9t a cs\u00fasz\u00f3s \u00fat miatt t\u00f6rt\u00e9nt hal\u00e1los baleset. Egy aut\u00f3s J\u00e1szber\u00e9ny fel\u00e9 ment, amikor egy kanyarban megcs\u00faszhatott \u00e9s egy teheraut\u00f3val front\u00e1lisan \u00fctk\u00f6z\u00f6tt. Akkora er\u0151vel csap\u00f3dott a kamionnak, hogy a kocsi elej\u00e9b\u0151l szinte semmi sem maradt. Az aut\u00f3t vezet\u0151 f\u00e9rfi azonnal sz\u00f6rnyethalt.<\/p>\n","protected":false},"author":4,"featured_media":0,"comment_status":"open","ping_status":"closed","sticky":false,"template":"","format":"standard","meta":{"footnotes":""},"categories":[5],"tags":[41,771,3595,1146],"class_list":["post-22389","post","type-post","status-publish","format-standard","hentry","category-kek-hirek","tag-baleset","tag-halal","tag-jaszdozsa","tag-teherauto"],"_links":{"self":[{"href":"https:\/\/www.agriatv.hu\/index.php?rest_route=\/wp\/v2\/posts\/22389","targetHints":{"allow":["GET"]}}],"collection":[{"href":"https:\/\/www.agriatv.hu\/index.php?rest_route=\/wp\/v2\/posts"}],"about":[{"href":"https:\/\/www.agriatv.hu\/index.php?rest_route=\/wp\/v2\/types\/post"}],"author":[{"embeddable":true,"href":"https:\/\/www.agriatv.hu\/index.php?rest_route=\/wp\/v2\/users\/4"}],"replies":[{"embeddable":true,"href":"https:\/\/www.agriatv.hu\/index.php?rest_route=%2Fwp%2Fv2%2Fcomments&post=22389"}],"version-history":[{"count":2,"href":"https:\/\/www.agriatv.hu\/index.php?rest_route=\/wp\/v2\/posts\/22389\/revisions"}],"predecessor-version":[{"id":22392,"href":"https:\/\/www.agriatv.hu\/index.php?rest_route=\/wp\/v2\/posts\/22389\/revisions\/22392"}],"wp:attachment":[{"href":"https:\/\/www.agriatv.hu\/index.php?rest_route=%2Fwp%2Fv2%2Fmedia&parent=22389"}],"wp:term":[{"taxonomy":"category","embeddable":true,"href":"https:\/\/www.agriatv.hu\/index.php?rest_route=%2Fwp%2Fv2%2Fcategories&post=22389"},{"taxonomy":"post_tag","embeddable":true,"href":"https:\/\/www.agriatv.hu\/index.php?rest_route=%2Fwp%2Fv2%2Ftags&post=22389"}],"curies":[{"name":"wp","href":"https:\/\/api.w.org\/{rel}","templated":true}]}}