{"id":22397,"date":"2020-12-07T07:28:05","date_gmt":"2020-12-07T07:28:05","guid":{"rendered":"http:\/\/www.agriatv.hu\/?p=22397"},"modified":"2020-12-07T07:28:15","modified_gmt":"2020-12-07T07:28:15","slug":"lovashintorol-ajandekozott-a-mikulas","status":"publish","type":"post","link":"https:\/\/www.agriatv.hu\/?p=22397","title":{"rendered":"Lovashint\u00f3r\u00f3l aj\u00e1nd\u00e9kozott a mikul\u00e1s"},"content":{"rendered":"\n<div class=\"wp-block-image\"><figure class=\"alignleft size-large is-resized\"><img loading=\"lazy\" decoding=\"async\" src=\"https:\/\/www.agriatv.hu\/wp-content\/uploads\/2020\/12\/32470378.325x183.jpg\" alt=\"\" class=\"wp-image-22398\" width=\"238\" height=\"134\" srcset=\"https:\/\/www.agriatv.hu\/wp-content\/uploads\/2020\/12\/32470378.325x183.jpg 325w, https:\/\/www.agriatv.hu\/wp-content\/uploads\/2020\/12\/32470378.325x183-300x169.jpg 300w\" sizes=\"auto, (max-width: 238px) 100vw, 238px\" \/><\/figure><\/div>\n\n\n\n<p>Lovashint\u00f3n \u00e9rkezett a Mikul\u00e1s a tardi gyerekekhez, akik \u00e9nekelve v\u00e1rt\u00e1k \u0151t. A kor\u00e1bbi \u00e9vekben a Szent Mikl\u00f3s napi mis\u00e9n kapt\u00e1k meg a gyerekek az aj\u00e1nd\u00e9kokat, id\u00e9n azonban a j\u00e1rv\u00e1ny miatt a Mikul\u00e1snak \u00f6lt\u00f6z\u00f6tt pap h\u00e1zhoz vitte a meglepet\u00e9seket. Egerben pedig Mikul\u00e1ssal egy\u00fctt ellen\u0151rizt\u00e9k az aut\u00f3sokat a rend\u0151r\u00f6k. Akikn\u00e9l minden rendben tal\u00e1ltak, azok sz\u00e9lv\u00e9d\u0151mos\u00f3 folyad\u00e9kot \u00e9s j\u00e9gkapar\u00f3t kaptak aj\u00e1nd\u00e9kba.<\/p>\n\n\n\n<iframe loading=\"lazy\" allowfullscreen=\"yes\" width=\"640\" height=\"360\" src=\"\/\/tenyek.hu\/neoplayer\/tv2\/embed\/354466_lovashintorol-ajandekozott-a-mikulas.html\" frameborder=\"0\" scrolling=\"no\"><\/iframe>\n","protected":false},"excerpt":{"rendered":"<p>Lovashint\u00f3n \u00e9rkezett a Mikul\u00e1s a tardi gyerekekhez, akik \u00e9nekelve v\u00e1rt\u00e1k \u0151t. A kor\u00e1bbi \u00e9vekben a Szent Mikl\u00f3s napi mis\u00e9n kapt\u00e1k meg a gyerekek az aj\u00e1nd\u00e9kokat, id\u00e9n azonban a j\u00e1rv\u00e1ny miatt a Mikul\u00e1snak \u00f6lt\u00f6z\u00f6tt pap h\u00e1zhoz vitte a meglepet\u00e9seket. Egerben pedig Mikul\u00e1ssal egy\u00fctt ellen\u0151rizt\u00e9k az aut\u00f3sokat a rend\u0151r\u00f6k. Akikn\u00e9l minden rendben tal\u00e1ltak, azok sz\u00e9lv\u00e9d\u0151mos\u00f3 folyad\u00e9kot \u00e9s [&#8230;]<\/p>\n","protected":false},"author":4,"featured_media":0,"comment_status":"open","ping_status":"closed","sticky":false,"template":"","format":"standard","meta":{"footnotes":""},"categories":[6,8,4],"tags":[1547,712,122,3596],"class_list":["post-22397","post","type-post","status-publish","format-standard","hentry","category-belfold","category-kultura","category-szabadido","tag-ajandek","tag-mikulas","tag-rendorseg","tag-virgacs"],"_links":{"self":[{"href":"https:\/\/www.agriatv.hu\/index.php?rest_route=\/wp\/v2\/posts\/22397","targetHints":{"allow":["GET"]}}],"collection":[{"href":"https:\/\/www.agriatv.hu\/index.php?rest_route=\/wp\/v2\/posts"}],"about":[{"href":"https:\/\/www.agriatv.hu\/index.php?rest_route=\/wp\/v2\/types\/post"}],"author":[{"embeddable":true,"href":"https:\/\/www.agriatv.hu\/index.php?rest_route=\/wp\/v2\/users\/4"}],"replies":[{"embeddable":true,"href":"https:\/\/www.agriatv.hu\/index.php?rest_route=%2Fwp%2Fv2%2Fcomments&post=22397"}],"version-history":[{"count":1,"href":"https:\/\/www.agriatv.hu\/index.php?rest_route=\/wp\/v2\/posts\/22397\/revisions"}],"predecessor-version":[{"id":22399,"href":"https:\/\/www.agriatv.hu\/index.php?rest_route=\/wp\/v2\/posts\/22397\/revisions\/22399"}],"wp:attachment":[{"href":"https:\/\/www.agriatv.hu\/index.php?rest_route=%2Fwp%2Fv2%2Fmedia&parent=22397"}],"wp:term":[{"taxonomy":"category","embeddable":true,"href":"https:\/\/www.agriatv.hu\/index.php?rest_route=%2Fwp%2Fv2%2Fcategories&post=22397"},{"taxonomy":"post_tag","embeddable":true,"href":"https:\/\/www.agriatv.hu\/index.php?rest_route=%2Fwp%2Fv2%2Ftags&post=22397"}],"curies":[{"name":"wp","href":"https:\/\/api.w.org\/{rel}","templated":true}]}}