{"id":22478,"date":"2021-01-01T19:34:38","date_gmt":"2021-01-01T19:34:38","guid":{"rendered":"http:\/\/www.agriatv.hu\/?p=22478"},"modified":"2021-01-01T19:34:39","modified_gmt":"2021-01-01T19:34:39","slug":"egyidoben-szulettek-az-ujevi-babak","status":"publish","type":"post","link":"https:\/\/www.agriatv.hu\/?p=22478","title":{"rendered":"Egyid\u0151ben sz\u00fclettek az \u00faj\u00e9vi bab\u00e1k"},"content":{"rendered":"\n<div class=\"wp-block-image\"><figure class=\"alignleft size-large is-resized\"><a href=\"https:\/\/www.agriatv.hu\/wp-content\/uploads\/2021\/01\/100006385.325x183.jpg\"><img loading=\"lazy\" decoding=\"async\" src=\"https:\/\/www.agriatv.hu\/wp-content\/uploads\/2021\/01\/100006385.325x183.jpg\" alt=\"\" class=\"wp-image-22479\" width=\"215\" height=\"121\" srcset=\"https:\/\/www.agriatv.hu\/wp-content\/uploads\/2021\/01\/100006385.325x183.jpg 325w, https:\/\/www.agriatv.hu\/wp-content\/uploads\/2021\/01\/100006385.325x183-300x169.jpg 300w\" sizes=\"auto, (max-width: 215px) 100vw, 215px\" \/><\/a><\/figure><\/div>\n\n\n\n<p>Egyid\u0151ben sz\u00fcletett 2021 els\u0151 \u00fajsz\u00fcl\u00f6ttje a f\u0151v\u00e1rosban \u00e9s vid\u00e9ken is. Budapesten egy kisfi\u00fa, Hunor P\u00e1l cs\u00e1sz\u00e1rmetsz\u00e9ssel j\u00f6tt vil\u00e1gra \u00e9jf\u00e9l ut\u00e1n egy perccel. Salg\u00f3tarj\u00e1nban ugyanekkor egy kisl\u00e1ny sz\u00fcletett term\u00e9szetes \u00faton. Bogl\u00e1rka a m\u00e1sodik gyerek a csal\u00e1dban. Mindk\u00e9t csecsem\u0151 \u00e9s az \u00e9desany\u00e1k is j\u00f3l vannak.<\/p>\n\n\n\n<iframe loading=\"lazy\" width=\"640\" height=\"266\" src=\"https:\/\/tenyek.hu\/embed\/6647\" style=\"border:none;\" allowfullscreen allow=\"autoplay; fullscreen; picture-in-picture; xr-spatial-tracking; encrypted-media\"><\/iframe>\n","protected":false},"excerpt":{"rendered":"<p>Egyid\u0151ben sz\u00fcletett 2021 els\u0151 \u00fajsz\u00fcl\u00f6ttje a f\u0151v\u00e1rosban \u00e9s vid\u00e9ken is. Budapesten egy kisfi\u00fa, Hunor P\u00e1l cs\u00e1sz\u00e1rmetsz\u00e9ssel j\u00f6tt vil\u00e1gra \u00e9jf\u00e9l ut\u00e1n egy perccel. Salg\u00f3tarj\u00e1nban ugyanekkor egy kisl\u00e1ny sz\u00fcletett term\u00e9szetes \u00faton. Bogl\u00e1rka a m\u00e1sodik gyerek a csal\u00e1dban. Mindk\u00e9t csecsem\u0151 \u00e9s az \u00e9desany\u00e1k is j\u00f3l vannak.<\/p>\n","protected":false},"author":4,"featured_media":0,"comment_status":"open","ping_status":"closed","sticky":false,"template":"","format":"standard","meta":{"footnotes":""},"categories":[6,19,4],"tags":[811,2864,810],"class_list":["post-22478","post","type-post","status-publish","format-standard","hentry","category-belfold","category-egeszseg","category-szabadido","tag-baba","tag-salgotarjan","tag-ujszulott"],"_links":{"self":[{"href":"https:\/\/www.agriatv.hu\/index.php?rest_route=\/wp\/v2\/posts\/22478","targetHints":{"allow":["GET"]}}],"collection":[{"href":"https:\/\/www.agriatv.hu\/index.php?rest_route=\/wp\/v2\/posts"}],"about":[{"href":"https:\/\/www.agriatv.hu\/index.php?rest_route=\/wp\/v2\/types\/post"}],"author":[{"embeddable":true,"href":"https:\/\/www.agriatv.hu\/index.php?rest_route=\/wp\/v2\/users\/4"}],"replies":[{"embeddable":true,"href":"https:\/\/www.agriatv.hu\/index.php?rest_route=%2Fwp%2Fv2%2Fcomments&post=22478"}],"version-history":[{"count":1,"href":"https:\/\/www.agriatv.hu\/index.php?rest_route=\/wp\/v2\/posts\/22478\/revisions"}],"predecessor-version":[{"id":22480,"href":"https:\/\/www.agriatv.hu\/index.php?rest_route=\/wp\/v2\/posts\/22478\/revisions\/22480"}],"wp:attachment":[{"href":"https:\/\/www.agriatv.hu\/index.php?rest_route=%2Fwp%2Fv2%2Fmedia&parent=22478"}],"wp:term":[{"taxonomy":"category","embeddable":true,"href":"https:\/\/www.agriatv.hu\/index.php?rest_route=%2Fwp%2Fv2%2Fcategories&post=22478"},{"taxonomy":"post_tag","embeddable":true,"href":"https:\/\/www.agriatv.hu\/index.php?rest_route=%2Fwp%2Fv2%2Ftags&post=22478"}],"curies":[{"name":"wp","href":"https:\/\/api.w.org\/{rel}","templated":true}]}}