{"id":22490,"date":"2021-01-01T20:07:10","date_gmt":"2021-01-01T20:07:10","guid":{"rendered":"http:\/\/www.agriatv.hu\/?p=22490"},"modified":"2021-01-01T20:15:20","modified_gmt":"2021-01-01T20:15:20","slug":"kihalt-utcak-es-csend-igy-bucsuztunk-2020-tol","status":"publish","type":"post","link":"https:\/\/www.agriatv.hu\/?p=22490","title":{"rendered":"Kihalt utc\u00e1k \u00e9s csend: \u00edgy b\u00facs\u00faztunk 2020-t\u00f3l"},"content":{"rendered":"\n<figure class=\"wp-block-image size-large\"><a href=\"https:\/\/www.agriatv.hu\/wp-content\/uploads\/2021\/01\/04000-1.jpg\"><img loading=\"lazy\" decoding=\"async\" width=\"297\" height=\"164\" src=\"https:\/\/www.agriatv.hu\/wp-content\/uploads\/2021\/01\/04000-1.jpg\" alt=\"\" class=\"wp-image-22500\"\/><\/a><\/figure>\n\n\n\n<figure class=\"wp-block-embed is-type-rich is-provider-atv-hu wp-block-embed-atv-hu\"><div class=\"wp-block-embed__wrapper\">\n<blockquote class=\"embedly-card\" data-card-controls=\"1\" data-card-align=\"center\" data-card-theme=\"light\" data-card-key=\"bbb82e0305934450ba516e363ef455a7\"><h4><a href=\"http:\/\/www.atv.hu\/belfold\/20210101-kihalt-utcak-es-csend-igy-bucsuztunk-2020-tol\">Kihalt utc\u00e1k \u00e9s csend: \u00edgy b\u00facs\u00faztunk 2020-t\u00f3l<\/a><\/h4><p>Kihalt utc\u00e1k, elsz\u00f3rtan felvillan\u00f3 t\u0171zij\u00e1t\u00e9kok \u00e9s csend volt szinte mindenhol az orsz\u00e1gban szilveszterkor. A kij\u00e1r\u00e1si tilalmat kev\u00e9s kiv\u00e9tellel mindenki betartotta, ahogy a t\u0171zij\u00e1t\u00e9kok miatt is eleny\u00e9sz\u0151 sz\u00e1m\u00fa elj\u00e1r\u00e1st ind\u00edtottak a rend\u0151r\u00f6k.<\/p><\/blockquote><script async src=\"\/\/cdn.embedly.com\/widgets\/platform.js\" charset=\"UTF-8\"><\/script>\n<\/div><\/figure>\n","protected":false},"excerpt":{"rendered":"<p>Kihalt utc\u00e1k \u00e9s csend: \u00edgy b\u00facs\u00faztunk 2020-t\u00f3lKihalt utc\u00e1k, elsz\u00f3rtan felvillan\u00f3 t\u0171zij\u00e1t\u00e9kok \u00e9s csend volt szinte mindenhol az orsz\u00e1gban szilveszterkor. A kij\u00e1r\u00e1si tilalmat kev\u00e9s kiv\u00e9tellel mindenki betartotta, ahogy a t\u0171zij\u00e1t\u00e9kok miatt is eleny\u00e9sz\u0151 sz\u00e1m\u00fa elj\u00e1r\u00e1st ind\u00edtottak a rend\u0151r\u00f6k.<\/p>\n","protected":false},"author":4,"featured_media":0,"comment_status":"open","ping_status":"closed","sticky":false,"template":"","format":"standard","meta":{"footnotes":""},"categories":[6,4],"tags":[36,1516,2649],"class_list":["post-22490","post","type-post","status-publish","format-standard","hentry","category-belfold","category-szabadido","tag-eger","tag-szilveszter","tag-tuzijatek"],"_links":{"self":[{"href":"https:\/\/www.agriatv.hu\/index.php?rest_route=\/wp\/v2\/posts\/22490","targetHints":{"allow":["GET"]}}],"collection":[{"href":"https:\/\/www.agriatv.hu\/index.php?rest_route=\/wp\/v2\/posts"}],"about":[{"href":"https:\/\/www.agriatv.hu\/index.php?rest_route=\/wp\/v2\/types\/post"}],"author":[{"embeddable":true,"href":"https:\/\/www.agriatv.hu\/index.php?rest_route=\/wp\/v2\/users\/4"}],"replies":[{"embeddable":true,"href":"https:\/\/www.agriatv.hu\/index.php?rest_route=%2Fwp%2Fv2%2Fcomments&post=22490"}],"version-history":[{"count":6,"href":"https:\/\/www.agriatv.hu\/index.php?rest_route=\/wp\/v2\/posts\/22490\/revisions"}],"predecessor-version":[{"id":22501,"href":"https:\/\/www.agriatv.hu\/index.php?rest_route=\/wp\/v2\/posts\/22490\/revisions\/22501"}],"wp:attachment":[{"href":"https:\/\/www.agriatv.hu\/index.php?rest_route=%2Fwp%2Fv2%2Fmedia&parent=22490"}],"wp:term":[{"taxonomy":"category","embeddable":true,"href":"https:\/\/www.agriatv.hu\/index.php?rest_route=%2Fwp%2Fv2%2Fcategories&post=22490"},{"taxonomy":"post_tag","embeddable":true,"href":"https:\/\/www.agriatv.hu\/index.php?rest_route=%2Fwp%2Fv2%2Ftags&post=22490"}],"curies":[{"name":"wp","href":"https:\/\/api.w.org\/{rel}","templated":true}]}}