{"id":22557,"date":"2021-01-13T19:44:28","date_gmt":"2021-01-13T19:44:28","guid":{"rendered":"http:\/\/www.agriatv.hu\/?p=22557"},"modified":"2021-01-13T19:44:28","modified_gmt":"2021-01-13T19:44:28","slug":"kocsival-csuszkalt-a-sipalyan","status":"publish","type":"post","link":"https:\/\/www.agriatv.hu\/?p=22557","title":{"rendered":"Kocsival cs\u00faszk\u00e1lt a s\u00edp\u00e1ly\u00e1n"},"content":{"rendered":"\n<div class=\"wp-block-image\"><figure class=\"alignleft size-large is-resized\"><a href=\"https:\/\/www.agriatv.hu\/wp-content\/uploads\/2021\/01\/100007574.325x183.jpg\"><img loading=\"lazy\" decoding=\"async\" src=\"https:\/\/www.agriatv.hu\/wp-content\/uploads\/2021\/01\/100007574.325x183.jpg\" alt=\"\" class=\"wp-image-22558\" width=\"193\" height=\"109\" srcset=\"https:\/\/www.agriatv.hu\/wp-content\/uploads\/2021\/01\/100007574.325x183.jpg 325w, https:\/\/www.agriatv.hu\/wp-content\/uploads\/2021\/01\/100007574.325x183-300x169.jpg 300w\" sizes=\"auto, (max-width: 193px) 100vw, 193px\" \/><\/a><\/figure><\/div>\n\n\n\n<p>T\u00f6bbsz\u00f6r is le \u00e9s f\u00f6l sz\u00e1guldozott egy aut\u00f3s a k\u00e9kestet\u0151i s\u00edp\u00e1ly\u00e1n tegnap (kedden) d\u00e9lut\u00e1n. A sof\u0151r \u00e1mokfut\u00e1s\u00e1r\u00f3l az \u00fczemeltet\u0151 k\u00e9sz\u00edtett felv\u00e9telt. A s\u00edp\u00e1ly\u00e1ra nemcsak sz\u00e1nk\u00f3val, de m\u00e9g cip\u0151ben is tilos a bel\u00e9p\u00e9s, hogy megv\u00e9dj\u00e9k a gondosan kialak\u00edtott, s\u00edel\u00e9sre alkalmas h\u00f3r\u00e9teget. Az \u00fczemeltet\u0151 szerint az aut\u00f3s hatalmas k\u00e1rt okozott. T\u00f6bb hetes munk\u00e1jukat tette t\u00f6nkre.<\/p>\n\n\n\n<iframe loading=\"lazy\" width=\"640\" height=\"266\" src=\"https:\/\/tenyek.hu\/embed\/7028\" style=\"border:none;\" allowfullscreen=\"\" allow=\"autoplay; fullscreen; picture-in-picture; xr-spatial-tracking; encrypted-media\"><\/iframe>\n\n\n\n<div style=\"width: 100%; height: 0px; position: relative; padding-bottom: 56%;\"><iframe src=\"https:\/\/embed.rtl.hu\/embed\/1645015?autoplay=0\" frameborder=\"0\" allowfullscreen=\"true\" style=\"width: 100%; height: 100%; position: absolute;\"><\/iframe><\/div>\n","protected":false},"excerpt":{"rendered":"<p>T\u00f6bbsz\u00f6r is le \u00e9s f\u00f6l sz\u00e1guldozott egy aut\u00f3s a k\u00e9kestet\u0151i s\u00edp\u00e1ly\u00e1n tegnap (kedden) d\u00e9lut\u00e1n. A sof\u0151r \u00e1mokfut\u00e1s\u00e1r\u00f3l az \u00fczemeltet\u0151 k\u00e9sz\u00edtett felv\u00e9telt. A s\u00edp\u00e1ly\u00e1ra nemcsak sz\u00e1nk\u00f3val, de m\u00e9g cip\u0151ben is tilos a bel\u00e9p\u00e9s, hogy megv\u00e9dj\u00e9k a gondosan kialak\u00edtott, s\u00edel\u00e9sre alkalmas h\u00f3r\u00e9teget. Az \u00fczemeltet\u0151 szerint az aut\u00f3s hatalmas k\u00e1rt okozott. T\u00f6bb hetes munk\u00e1jukat tette t\u00f6nkre.<\/p>\n","protected":false},"author":4,"featured_media":0,"comment_status":"open","ping_status":"closed","sticky":false,"template":"","format":"standard","meta":{"footnotes":""},"categories":[6,4],"tags":[1085,3612,1915,3277],"class_list":["post-22557","post","type-post","status-publish","format-standard","hentry","category-belfold","category-szabadido","tag-auto","tag-keketeto","tag-sipalya","tag-sofor-2"],"_links":{"self":[{"href":"https:\/\/www.agriatv.hu\/index.php?rest_route=\/wp\/v2\/posts\/22557","targetHints":{"allow":["GET"]}}],"collection":[{"href":"https:\/\/www.agriatv.hu\/index.php?rest_route=\/wp\/v2\/posts"}],"about":[{"href":"https:\/\/www.agriatv.hu\/index.php?rest_route=\/wp\/v2\/types\/post"}],"author":[{"embeddable":true,"href":"https:\/\/www.agriatv.hu\/index.php?rest_route=\/wp\/v2\/users\/4"}],"replies":[{"embeddable":true,"href":"https:\/\/www.agriatv.hu\/index.php?rest_route=%2Fwp%2Fv2%2Fcomments&post=22557"}],"version-history":[{"count":2,"href":"https:\/\/www.agriatv.hu\/index.php?rest_route=\/wp\/v2\/posts\/22557\/revisions"}],"predecessor-version":[{"id":22564,"href":"https:\/\/www.agriatv.hu\/index.php?rest_route=\/wp\/v2\/posts\/22557\/revisions\/22564"}],"wp:attachment":[{"href":"https:\/\/www.agriatv.hu\/index.php?rest_route=%2Fwp%2Fv2%2Fmedia&parent=22557"}],"wp:term":[{"taxonomy":"category","embeddable":true,"href":"https:\/\/www.agriatv.hu\/index.php?rest_route=%2Fwp%2Fv2%2Fcategories&post=22557"},{"taxonomy":"post_tag","embeddable":true,"href":"https:\/\/www.agriatv.hu\/index.php?rest_route=%2Fwp%2Fv2%2Ftags&post=22557"}],"curies":[{"name":"wp","href":"https:\/\/api.w.org\/{rel}","templated":true}]}}