{"id":22561,"date":"2021-01-13T19:37:46","date_gmt":"2021-01-13T19:37:46","guid":{"rendered":"http:\/\/www.agriatv.hu\/?p=22561"},"modified":"2021-01-13T19:37:47","modified_gmt":"2021-01-13T19:37:47","slug":"ketszer-olt-a-salgotarjani-gyilkos","status":"publish","type":"post","link":"https:\/\/www.agriatv.hu\/?p=22561","title":{"rendered":"K\u00e9tszer \u00f6lt a salg\u00f3tarj\u00e1ni gyilkos"},"content":{"rendered":"\n<div class=\"wp-block-image\"><figure class=\"alignleft size-large is-resized\"><a href=\"https:\/\/www.agriatv.hu\/wp-content\/uploads\/2021\/01\/100007564.325x183.jpg\"><img loading=\"lazy\" decoding=\"async\" src=\"https:\/\/www.agriatv.hu\/wp-content\/uploads\/2021\/01\/100007564.325x183.jpg\" alt=\"\" class=\"wp-image-22562\" width=\"203\" height=\"114\" srcset=\"https:\/\/www.agriatv.hu\/wp-content\/uploads\/2021\/01\/100007564.325x183.jpg 325w, https:\/\/www.agriatv.hu\/wp-content\/uploads\/2021\/01\/100007564.325x183-300x169.jpg 300w\" sizes=\"auto, (max-width: 203px) 100vw, 203px\" \/><\/a><\/figure><\/div>\n\n\n\n<p>Brut\u00e1lisan megvertek, majd hal\u00e1lra k\u00e9seltek egy n\u0151t Salg\u00f3tarj\u00e1nban. A n\u0151 munka ut\u00e1n nem ment haza, hanem ismer\u0151seivel ivott egy patak partj\u00e1n. Valamin nagyon \u00f6sszevesztek, majd az egyik f\u00e9rfi brut\u00e1lisan \u00f6sszeverte \u00e9s hal\u00e1lra k\u00e9selte a n\u0151t. A f\u00e9rje tegnap (kedd) reggel ment keresni a p\u00e1rj\u00e1t, de m\u00e1r csak a holttest\u00e9t tal\u00e1lta meg. A rend\u0151r\u00f6k elfogt\u00e1k az elk\u00f6vet\u0151t. Kider\u00fclt, hogy a kegyetlen f\u00e9rfi m\u00e1r m\u00e1sodszor gyilkolt: tavaly szeptemberben is meg\u00f6lt egy embert.<\/p>\n\n\n\n<iframe loading=\"lazy\" width=\"640\" height=\"266\" src=\"https:\/\/tenyek.hu\/embed\/7018\" style=\"border:none;\" allowfullscreen allow=\"autoplay; fullscreen; picture-in-picture; xr-spatial-tracking; encrypted-media\"><\/iframe>\n","protected":false},"excerpt":{"rendered":"<p>Brut\u00e1lisan megvertek, majd hal\u00e1lra k\u00e9seltek egy n\u0151t Salg\u00f3tarj\u00e1nban. A n\u0151 munka ut\u00e1n nem ment haza, hanem ismer\u0151seivel ivott egy patak partj\u00e1n. Valamin nagyon \u00f6sszevesztek, majd az egyik f\u00e9rfi brut\u00e1lisan \u00f6sszeverte \u00e9s hal\u00e1lra k\u00e9selte a n\u0151t. A f\u00e9rje tegnap (kedd) reggel ment keresni a p\u00e1rj\u00e1t, de m\u00e1r csak a holttest\u00e9t tal\u00e1lta meg. A rend\u0151r\u00f6k elfogt\u00e1k az [&#8230;]<\/p>\n","protected":false},"author":4,"featured_media":0,"comment_status":"open","ping_status":"closed","sticky":false,"template":"","format":"standard","meta":{"footnotes":""},"categories":[5],"tags":[2199,1079,2367,1597,3430,2864,2674],"class_list":["post-22561","post","type-post","status-publish","format-standard","hentry","category-kek-hirek","tag-ferj","tag-gyilkossag","tag-ital","tag-patak","tag-rendorseg-serult","tag-salgotarjan","tag-vita"],"_links":{"self":[{"href":"https:\/\/www.agriatv.hu\/index.php?rest_route=\/wp\/v2\/posts\/22561","targetHints":{"allow":["GET"]}}],"collection":[{"href":"https:\/\/www.agriatv.hu\/index.php?rest_route=\/wp\/v2\/posts"}],"about":[{"href":"https:\/\/www.agriatv.hu\/index.php?rest_route=\/wp\/v2\/types\/post"}],"author":[{"embeddable":true,"href":"https:\/\/www.agriatv.hu\/index.php?rest_route=\/wp\/v2\/users\/4"}],"replies":[{"embeddable":true,"href":"https:\/\/www.agriatv.hu\/index.php?rest_route=%2Fwp%2Fv2%2Fcomments&post=22561"}],"version-history":[{"count":1,"href":"https:\/\/www.agriatv.hu\/index.php?rest_route=\/wp\/v2\/posts\/22561\/revisions"}],"predecessor-version":[{"id":22563,"href":"https:\/\/www.agriatv.hu\/index.php?rest_route=\/wp\/v2\/posts\/22561\/revisions\/22563"}],"wp:attachment":[{"href":"https:\/\/www.agriatv.hu\/index.php?rest_route=%2Fwp%2Fv2%2Fmedia&parent=22561"}],"wp:term":[{"taxonomy":"category","embeddable":true,"href":"https:\/\/www.agriatv.hu\/index.php?rest_route=%2Fwp%2Fv2%2Fcategories&post=22561"},{"taxonomy":"post_tag","embeddable":true,"href":"https:\/\/www.agriatv.hu\/index.php?rest_route=%2Fwp%2Fv2%2Ftags&post=22561"}],"curies":[{"name":"wp","href":"https:\/\/api.w.org\/{rel}","templated":true}]}}