{"id":22565,"date":"2021-01-14T19:28:07","date_gmt":"2021-01-14T19:28:07","guid":{"rendered":"http:\/\/www.agriatv.hu\/?p=22565"},"modified":"2021-01-14T19:28:08","modified_gmt":"2021-01-14T19:28:08","slug":"letartoztattak-a-kettosgyilkost","status":"publish","type":"post","link":"https:\/\/www.agriatv.hu\/?p=22565","title":{"rendered":"Letart\u00f3ztatt\u00e1k a kett\u0151sgyilkost"},"content":{"rendered":"\n<div class=\"wp-block-image is-style-default\"><figure class=\"alignleft size-large is-resized\"><a href=\"https:\/\/www.agriatv.hu\/wp-content\/uploads\/2021\/01\/100007685.325x183.jpg\"><img loading=\"lazy\" decoding=\"async\" src=\"https:\/\/www.agriatv.hu\/wp-content\/uploads\/2021\/01\/100007685.325x183.jpg\" alt=\"\" class=\"wp-image-22566\" width=\"244\" height=\"137\" srcset=\"https:\/\/www.agriatv.hu\/wp-content\/uploads\/2021\/01\/100007685.325x183.jpg 325w, https:\/\/www.agriatv.hu\/wp-content\/uploads\/2021\/01\/100007685.325x183-300x169.jpg 300w\" sizes=\"auto, (max-width: 244px) 100vw, 244px\" \/><\/a><\/figure><\/div>\n\n\n\n<p>Letart\u00f3ztattak egy kett\u0151s gyilkoss\u00e1ggal gyan\u00fas\u00edtott salg\u00f3tarj\u00e1ni f\u00e9rfit. Egy n\u0151t vert meg brut\u00e1lisan, majd hal\u00e1lra k\u00e9selte. V\u00e9g\u00fcl a n\u0151 v\u00e9rbefagyott holttest\u00e9re a f\u00e9rje tal\u00e1lt r\u00e1 egy h\u00edd alatt, a patak partj\u00e1n. A f\u00e9rfi azonnal sz\u00f3lt a rend\u0151r\u00f6knek, akik n\u00e9h\u00e1ny \u00f3ra alatt el is fogt\u00e1k az elk\u00f6vet\u0151t. A f\u00e9rfi r\u00e9szletes beismer\u0151 vallom\u00e1st tett, s\u0151t egy m\u00e1sik, szeptemberben elk\u00f6vetett gyilkoss\u00e1got is bevallott a rend\u0151r\u00f6knek. Most egy h\u00f3napra letart\u00f3ztatt\u00e1k.<\/p>\n\n\n\n<iframe loading=\"lazy\" width=\"640\" height=\"266\" src=\"https:\/\/tenyek.hu\/embed\/7059\" style=\"border:none;\" allowfullscreen allow=\"autoplay; fullscreen; picture-in-picture; xr-spatial-tracking; encrypted-media\"><\/iframe>\n","protected":false},"excerpt":{"rendered":"<p>Letart\u00f3ztattak egy kett\u0151s gyilkoss\u00e1ggal gyan\u00fas\u00edtott salg\u00f3tarj\u00e1ni f\u00e9rfit. Egy n\u0151t vert meg brut\u00e1lisan, majd hal\u00e1lra k\u00e9selte. V\u00e9g\u00fcl a n\u0151 v\u00e9rbefagyott holttest\u00e9re a f\u00e9rje tal\u00e1lt r\u00e1 egy h\u00edd alatt, a patak partj\u00e1n. A f\u00e9rfi azonnal sz\u00f3lt a rend\u0151r\u00f6knek, akik n\u00e9h\u00e1ny \u00f3ra alatt el is fogt\u00e1k az elk\u00f6vet\u0151t. A f\u00e9rfi r\u00e9szletes beismer\u0151 vallom\u00e1st tett, s\u0151t egy m\u00e1sik, szeptemberben [&#8230;]<\/p>\n","protected":false},"author":4,"featured_media":0,"comment_status":"open","ping_status":"closed","sticky":false,"template":"","format":"standard","meta":{"footnotes":""},"categories":[5],"tags":[71,1079,1370,122,2864,2349],"class_list":["post-22565","post","type-post","status-publish","format-standard","hentry","category-kek-hirek","tag-birosag","tag-gyilkossag","tag-no","tag-rendorseg","tag-salgotarjan","tag-vallomas"],"_links":{"self":[{"href":"https:\/\/www.agriatv.hu\/index.php?rest_route=\/wp\/v2\/posts\/22565","targetHints":{"allow":["GET"]}}],"collection":[{"href":"https:\/\/www.agriatv.hu\/index.php?rest_route=\/wp\/v2\/posts"}],"about":[{"href":"https:\/\/www.agriatv.hu\/index.php?rest_route=\/wp\/v2\/types\/post"}],"author":[{"embeddable":true,"href":"https:\/\/www.agriatv.hu\/index.php?rest_route=\/wp\/v2\/users\/4"}],"replies":[{"embeddable":true,"href":"https:\/\/www.agriatv.hu\/index.php?rest_route=%2Fwp%2Fv2%2Fcomments&post=22565"}],"version-history":[{"count":1,"href":"https:\/\/www.agriatv.hu\/index.php?rest_route=\/wp\/v2\/posts\/22565\/revisions"}],"predecessor-version":[{"id":22567,"href":"https:\/\/www.agriatv.hu\/index.php?rest_route=\/wp\/v2\/posts\/22565\/revisions\/22567"}],"wp:attachment":[{"href":"https:\/\/www.agriatv.hu\/index.php?rest_route=%2Fwp%2Fv2%2Fmedia&parent=22565"}],"wp:term":[{"taxonomy":"category","embeddable":true,"href":"https:\/\/www.agriatv.hu\/index.php?rest_route=%2Fwp%2Fv2%2Fcategories&post=22565"},{"taxonomy":"post_tag","embeddable":true,"href":"https:\/\/www.agriatv.hu\/index.php?rest_route=%2Fwp%2Fv2%2Ftags&post=22565"}],"curies":[{"name":"wp","href":"https:\/\/api.w.org\/{rel}","templated":true}]}}